{"id":82322,"date":"2024-12-07T23:07:11","date_gmt":"2024-12-07T22:07:11","guid":{"rendered":"https:\/\/de.ambaguinee.org\/?p=82322"},"modified":"2024-12-07T23:07:11","modified_gmt":"2024-12-07T22:07:11","slug":"presume-detournement-a-la-douane-la-crief-sest-saisie-du-dossier","status":"publish","type":"post","link":"https:\/\/de.ambaguinee.org\/?p=82322","title":{"rendered":"Pr\u00e9sum\u00e9 d\u00e9tournement \u00e0 la Douane : la CRIEF s\u2019est saisie du dossier"},"content":{"rendered":"<div>\n<div style=\"margin-bottom:20px;\"><img width=\"960\" height=\"640\"src=\"https:\/\/i0.wp.com\/www.guinee7.com\/wp-content\/uploads\/2022\/03\/Aly-toure-CRIEF.jpg?w=960&amp;ssl=1\" class=\"attachment-post-thumbnail size-post-thumbnail wp-post-image\" alt=\"\" decoding=\"async\" loading=\"lazy\" srcset=\"https:\/\/i0.wp.com\/www.guinee7.com\/wp-content\/uploads\/2022\/03\/Aly-toure-CRIEF.jpg?w=960&amp;ssl=1 960w, https:\/\/i0.wp.com\/www.guinee7.com\/wp-content\/uploads\/2022\/03\/Aly-toure-CRIEF.jpg?resize=300%2C200&amp;ssl=1 300w, https:\/\/i0.wp.com\/www.guinee7.com\/wp-content\/uploads\/2022\/03\/Aly-toure-CRIEF.jpg?resize=768%2C512&amp;ssl=1 768w, https:\/\/i0.wp.com\/www.guinee7.com\/wp-content\/uploads\/2022\/03\/Aly-toure-CRIEF.jpg?resize=696%2C464&amp;ssl=1 696w, https:\/\/i0.wp.com\/www.guinee7.com\/wp-content\/uploads\/2022\/03\/Aly-toure-CRIEF.jpg?resize=630%2C420&amp;ssl=1 630w\" sizes=\"auto, (max-width: 960px) 100vw, 960px\"><\/div>\n<p><span style=\"font-size: 20px;\">Le procureur sp\u00e9cial pr\u00e8s la Cour de r\u00e9pression des infractions \u00e9conomiques et financi\u00e8res (CRIEF) annonce avoir ouvert une information judiciaire contre des cadres de la direction g\u00e9n\u00e9rale des Douanes et des transitaires. Selon Aly Tour\u00e9, cette information concerne des faits de \u201cfaux et usage de faux, corruption, d\u00e9tournement de deniers publics, enrichissement illicite, blanchiment de capitaux et complicit\u00e9\u201d au pr\u00e9judice de l\u2019Etat guin\u00e9en.<\/span><\/p>\n<p><span style=\"font-size: 20px;\">\u201cSuite \u00e0 une d\u00e9nonciation, la direction centrale des investigations judiciaires de la gendarmerie nationale a proc\u00e9d\u00e9 \u00e0 des enqu\u00eates s\u00e9rieuses autour des cas de d\u00e9tournement, de malversation et de corruption au niveau de la direction g\u00e9n\u00e9rale des Douanes. De leurs enqu\u00eates, il ressort qu\u2019un r\u00e9seau, compos\u00e9 de douaniers et de plusieurs transitaires, op\u00e8re au niveau de la direction g\u00e9n\u00e9rale des douanes pour contourner le proc\u00e9d\u00e9 classique de paiement au guichet unique, pour encaisser des fonds au pr\u00e9judice de l\u2019Etat\u201d, a d\u00e9clar\u00e9 Aly Tour\u00e9, ce vendredi 6 d\u00e9cembre \u00e0 la t\u00e9l\u00e9vision nationale.<\/span><\/p>\n<ul>\n<li>Lire aussi: <a href=\"https:\/\/www.guinee7.com\/2024\/11\/29\/800-milliards-evapores-a-la-douane-des-transitaires-interpelles-la-hierarchie-se-la-coule-douce\/\"><span class=\"post-title\">800 milliards \u00e9vapor\u00e9s \u00e0 la Douane : Des transitaires interpell\u00e9s, la hi\u00e9rarchie se la coule douce<\/span><\/a><\/li>\n<\/ul>\n<p><span style=\"font-size: 20px;\">Selon lui, le mode op\u00e9ratoire utilis\u00e9 par ces cadres \u201cest le recyclage des r\u00e9f\u00e9rences FT. Et par ce moyen, un montant de plus de 700 milliards de francs guin\u00e9ens a \u00e9t\u00e9 d\u00e9tourn\u00e9 au pr\u00e9judice de l\u2019Etat. Les faits ainsi d\u00e9crits sont constitutifs des d\u00e9lits de faux et usage de faux, corruption, d\u00e9tournement de deniers publics, enrichissement illicite, blanchiment de capitaux et complicit\u00e9. A la r\u00e9ception du proc\u00e8s-verbal, et apr\u00e8s analyse au niveau du parquet sp\u00e9cial, le procureur sp\u00e9cial pr\u00e8s la Cour de r\u00e9pression des infractions \u00e9conomiques et financi\u00e8res a requis l\u2019ouverture d\u2019une information en saisissant la chambre de l\u2019instruction contre plusieurs cadres de la direction g\u00e9n\u00e9rale des Douanes et plusieurs bo\u00eetes de transit pour les faits cit\u00e9s ci-haut et toute autre personne que l\u2019enqu\u00eate r\u00e9v\u00e8lera avoir particip\u00e9 \u00e0 la commission de ces faits\u201d.<\/span><\/p>\n<p>A noter que selon des sources proches du dossier, le directeur g\u00e9n\u00e9ral des Douanes, Moussa Camara, et son adjoint, Macky Diallo, sont mis aux arr\u00eats et ont d\u00e9j\u00e0 \u00e9t\u00e9 pr\u00e9sent\u00e9s \u00e0 un juge de la CRIEF.<\/p>\n<p><b><span style=\"font-size: 20px;\">Bhoye Barry pour guinee7.com<\/span><\/b><!--\/data\/user\/0\/com.samsung.android.app.notes\/files\/clipdata\/clipdata_bodytext_241206_235609_801.sdocx--><\/p>\n<\/div>\n","protected":false},"excerpt":{"rendered":"<p>Le procureur sp\u00e9cial pr\u00e8s la Cour de r\u00e9pression des infractions \u00e9conomiques et financi\u00e8res (CRIEF) annonce avoir ouvert une information judiciaire contre des cadres de la direction g\u00e9n\u00e9rale des Douanes et des transitaires. Selon Aly Tour\u00e9, cette information concerne des faits de \u201cfaux et usage de faux, corruption, d\u00e9tournement de deniers publics, enrichissement illicite, blanchiment de &hellip;<\/p>\n","protected":false},"author":1,"featured_media":0,"comment_status":"closed","ping_status":"closed","sticky":false,"template":"","format":"standard","meta":{"footnotes":""},"categories":[2],"tags":[22],"_links":{"self":[{"href":"https:\/\/de.ambaguinee.org\/index.php?rest_route=\/wp\/v2\/posts\/82322"}],"collection":[{"href":"https:\/\/de.ambaguinee.org\/index.php?rest_route=\/wp\/v2\/posts"}],"about":[{"href":"https:\/\/de.ambaguinee.org\/index.php?rest_route=\/wp\/v2\/types\/post"}],"author":[{"embeddable":true,"href":"https:\/\/de.ambaguinee.org\/index.php?rest_route=\/wp\/v2\/users\/1"}],"replies":[{"embeddable":true,"href":"https:\/\/de.ambaguinee.org\/index.php?rest_route=%2Fwp%2Fv2%2Fcomments&post=82322"}],"version-history":[{"count":0,"href":"https:\/\/de.ambaguinee.org\/index.php?rest_route=\/wp\/v2\/posts\/82322\/revisions"}],"wp:attachment":[{"href":"https:\/\/de.ambaguinee.org\/index.php?rest_route=%2Fwp%2Fv2%2Fmedia&parent=82322"}],"wp:term":[{"taxonomy":"category","embeddable":true,"href":"https:\/\/de.ambaguinee.org\/index.php?rest_route=%2Fwp%2Fv2%2Fcategories&post=82322"},{"taxonomy":"post_tag","embeddable":true,"href":"https:\/\/de.ambaguinee.org\/index.php?rest_route=%2Fwp%2Fv2%2Ftags&post=82322"}],"curies":[{"name":"wp","href":"https:\/\/api.w.org\/{rel}","templated":true}]}}