{"id":82323,"date":"2024-12-07T23:07:12","date_gmt":"2024-12-07T22:07:12","guid":{"rendered":"https:\/\/de.ambaguinee.org\/?p=82323"},"modified":"2024-12-07T23:07:12","modified_gmt":"2024-12-07T22:07:12","slug":"arrestation-de-marouane-le-parquet-de-dixinn-annonce-des-enquetes-en-cours","status":"publish","type":"post","link":"https:\/\/de.ambaguinee.org\/?p=82323","title":{"rendered":"Arrestation de Marouane : le Parquet de Dixinn annonce des enqu\u00eates en cours"},"content":{"rendered":"<div>\n<div style=\"margin-bottom:20px;\"><img width=\"960\" height=\"540\"src=\"https:\/\/i0.wp.com\/www.guinee7.com\/wp-content\/uploads\/2019\/07\/habib-marouane-camara.jpg?w=960&amp;ssl=1\" class=\"attachment-post-thumbnail size-post-thumbnail wp-post-image\" alt=\"\" decoding=\"async\" loading=\"lazy\" srcset=\"https:\/\/i0.wp.com\/www.guinee7.com\/wp-content\/uploads\/2019\/07\/habib-marouane-camara.jpg?w=960&amp;ssl=1 960w, https:\/\/i0.wp.com\/www.guinee7.com\/wp-content\/uploads\/2019\/07\/habib-marouane-camara.jpg?resize=300%2C169&amp;ssl=1 300w, https:\/\/i0.wp.com\/www.guinee7.com\/wp-content\/uploads\/2019\/07\/habib-marouane-camara.jpg?resize=768%2C432&amp;ssl=1 768w, https:\/\/i0.wp.com\/www.guinee7.com\/wp-content\/uploads\/2019\/07\/habib-marouane-camara.jpg?resize=696%2C392&amp;ssl=1 696w, https:\/\/i0.wp.com\/www.guinee7.com\/wp-content\/uploads\/2019\/07\/habib-marouane-camara.jpg?resize=747%2C420&amp;ssl=1 747w\" sizes=\"auto, (max-width: 960px) 100vw, 960px\"><\/div>\n<p><span style=\"font-size: 20px;\">Le Parquet de Dixinn n\u2019a re\u00e7u aucune nouvelle concernant l\u2019arrestation du journaliste Habib Marouane Camara. C\u2019est ce qu\u2019indique un communiqu\u00e9 du substitut du procureur de la R\u00e9publique pr\u00e8s cette juridiction, dat\u00e9 du vendredi 6 d\u00e9cembre. Cette arrestation qualifi\u00e9e \u00ab\u00a0d\u2019arbitraire\u00a0\u00bb par le substitut du procureur de Dixinn, a \u00e9t\u00e9 effectu\u00e9e \u00ab\u00a0sans ordre \u00e9manant des autorit\u00e9s comp\u00e9tentes et en dehors des conditions pr\u00e9vues par la loi\u00a0\u00bb.<\/span><\/p>\n<p><span style=\"font-size: 20px;\">Le substitut Biwon Millimono assure aux parents et coll\u00e8gues du journaliste que le parquet a demand\u00e9 \u00e0 la Direction Centrale de la Police Judiciaire (DCPJ) de mener une enqu\u00eate approfondie sur les circonstances de cette interpellation.<\/span><\/p>\n<p><span style=\"font-size: 20px;\">Vous trouverez ci-dessous la copie du communiqu\u00e9.<\/span><br \/><img data-recalc-dims=\"1\" loading=\"lazy\" decoding=\"async\" class=\"alignnone wp-image-114290 size-full\"src=\"https:\/\/i0.wp.com\/www.guinee7.com\/wp-content\/uploads\/2024\/12\/IMG-20241206-WA0041.jpg?w=743&amp;ssl=1\" alt=\"\" width=\"743\" height=\"1080\" srcset=\"https:\/\/i0.wp.com\/www.guinee7.com\/wp-content\/uploads\/2024\/12\/IMG-20241206-WA0041.jpg?w=743&amp;ssl=1 743w, https:\/\/i0.wp.com\/www.guinee7.com\/wp-content\/uploads\/2024\/12\/IMG-20241206-WA0041.jpg?resize=206%2C300&amp;ssl=1 206w, https:\/\/i0.wp.com\/www.guinee7.com\/wp-content\/uploads\/2024\/12\/IMG-20241206-WA0041.jpg?resize=704%2C1024&amp;ssl=1 704w\" sizes=\"auto, (max-width: 743px) 100vw, 743px\"><\/p>\n<p><img data-recalc-dims=\"1\" loading=\"lazy\" decoding=\"async\" class=\"alignnone wp-image-114291 size-full\"src=\"https:\/\/i0.wp.com\/www.guinee7.com\/wp-content\/uploads\/2024\/12\/IMG-20241206-WA0042.jpg?w=745&amp;ssl=1\" alt=\"\" width=\"745\" height=\"1080\" srcset=\"https:\/\/i0.wp.com\/www.guinee7.com\/wp-content\/uploads\/2024\/12\/IMG-20241206-WA0042.jpg?w=745&amp;ssl=1 745w, https:\/\/i0.wp.com\/www.guinee7.com\/wp-content\/uploads\/2024\/12\/IMG-20241206-WA0042.jpg?resize=207%2C300&amp;ssl=1 207w, https:\/\/i0.wp.com\/www.guinee7.com\/wp-content\/uploads\/2024\/12\/IMG-20241206-WA0042.jpg?resize=706%2C1024&amp;ssl=1 706w\" sizes=\"auto, (max-width: 745px) 100vw, 745px\"><\/p>\n<p><b><span style=\"font-size: 20px;\">Thierno Abdoul Barry pour guinee7.com<\/span><\/b><!--\/data\/user\/0\/com.samsung.android.app.notes\/files\/clipdata\/clipdata_bodytext_241206_224336_077.sdocx--><\/p>\n<\/div>\n","protected":false},"excerpt":{"rendered":"<p>Le Parquet de Dixinn n\u2019a re\u00e7u aucune nouvelle concernant l\u2019arrestation du journaliste Habib Marouane Camara. C\u2019est ce qu\u2019indique un communiqu\u00e9 du substitut du procureur de la R\u00e9publique pr\u00e8s cette juridiction, dat\u00e9 du vendredi 6 d\u00e9cembre. Cette arrestation qualifi\u00e9e \u00ab\u00a0d\u2019arbitraire\u00a0\u00bb par le substitut du procureur de Dixinn, a \u00e9t\u00e9 effectu\u00e9e \u00ab\u00a0sans ordre \u00e9manant des autorit\u00e9s comp\u00e9tentes &hellip;<\/p>\n","protected":false},"author":1,"featured_media":0,"comment_status":"closed","ping_status":"closed","sticky":false,"template":"","format":"standard","meta":{"footnotes":""},"categories":[2],"tags":[22],"_links":{"self":[{"href":"https:\/\/de.ambaguinee.org\/index.php?rest_route=\/wp\/v2\/posts\/82323"}],"collection":[{"href":"https:\/\/de.ambaguinee.org\/index.php?rest_route=\/wp\/v2\/posts"}],"about":[{"href":"https:\/\/de.ambaguinee.org\/index.php?rest_route=\/wp\/v2\/types\/post"}],"author":[{"embeddable":true,"href":"https:\/\/de.ambaguinee.org\/index.php?rest_route=\/wp\/v2\/users\/1"}],"replies":[{"embeddable":true,"href":"https:\/\/de.ambaguinee.org\/index.php?rest_route=%2Fwp%2Fv2%2Fcomments&post=82323"}],"version-history":[{"count":0,"href":"https:\/\/de.ambaguinee.org\/index.php?rest_route=\/wp\/v2\/posts\/82323\/revisions"}],"wp:attachment":[{"href":"https:\/\/de.ambaguinee.org\/index.php?rest_route=%2Fwp%2Fv2%2Fmedia&parent=82323"}],"wp:term":[{"taxonomy":"category","embeddable":true,"href":"https:\/\/de.ambaguinee.org\/index.php?rest_route=%2Fwp%2Fv2%2Fcategories&post=82323"},{"taxonomy":"post_tag","embeddable":true,"href":"https:\/\/de.ambaguinee.org\/index.php?rest_route=%2Fwp%2Fv2%2Ftags&post=82323"}],"curies":[{"name":"wp","href":"https:\/\/api.w.org\/{rel}","templated":true}]}}