{"id":82330,"date":"2024-12-07T23:07:19","date_gmt":"2024-12-07T22:07:19","guid":{"rendered":"https:\/\/de.ambaguinee.org\/?p=82330"},"modified":"2024-12-07T23:07:19","modified_gmt":"2024-12-07T22:07:19","slug":"transfert-naby-keita-a-la-relance-en-hongrie","status":"publish","type":"post","link":"https:\/\/de.ambaguinee.org\/?p=82330","title":{"rendered":"Transfert : Naby Keita, \u00e0 la relance en Hongrie"},"content":{"rendered":"<div>\n<p><strong>FERENCVAROS- \u00c9cart\u00e9 de l\u2019effectif pro du Werder Br\u00eame en Allemagne depuis le 5 avril 2024, Naby Keita devrait retrouver le sourire tr\u00e8s prochainement. L\u2019international guin\u00e9en est en passe de se trouver un point de chute.<\/strong><\/p>\n<p>Selon les informations de Foot224, le capitaine du Syli National s\u2019appr\u00eate \u00e0 s\u2019engager avec Ferencvaros, club de premi\u00e8re division hongroise. A en croire nos confr\u00e8res, un contrat d\u2019une saison et demie attendrait l\u2019ancien joueur de Liverpool. Mis de c\u00f4t\u00e9 par son club le Werder Br\u00eame, avec lequel il est en froid, Naby Keita devrait passer sa visite m\u00e9dicale en d\u00e9but de semaine prochaine, condition pr\u00e9alable \u00e0 sa signature officielle.<\/p>\n<p><strong>A suivre !!!<\/strong><\/p>\n<p><strong>GUINEEFOOT<\/strong> <\/p>\n<\/div>\n","protected":false},"excerpt":{"rendered":"<p>FERENCVAROS- \u00c9cart\u00e9 de l\u2019effectif pro du Werder Br\u00eame en Allemagne depuis le 5 avril 2024, Naby Keita devrait retrouver le sourire tr\u00e8s prochainement. L\u2019international guin\u00e9en est en passe de se trouver un point de chute. Selon les informations de Foot224, le capitaine du Syli National s\u2019appr\u00eate \u00e0 s\u2019engager avec Ferencvaros, club de premi\u00e8re division hongroise. &hellip;<\/p>\n","protected":false},"author":1,"featured_media":0,"comment_status":"closed","ping_status":"closed","sticky":false,"template":"","format":"standard","meta":{"footnotes":""},"categories":[4],"tags":[],"_links":{"self":[{"href":"https:\/\/de.ambaguinee.org\/index.php?rest_route=\/wp\/v2\/posts\/82330"}],"collection":[{"href":"https:\/\/de.ambaguinee.org\/index.php?rest_route=\/wp\/v2\/posts"}],"about":[{"href":"https:\/\/de.ambaguinee.org\/index.php?rest_route=\/wp\/v2\/types\/post"}],"author":[{"embeddable":true,"href":"https:\/\/de.ambaguinee.org\/index.php?rest_route=\/wp\/v2\/users\/1"}],"replies":[{"embeddable":true,"href":"https:\/\/de.ambaguinee.org\/index.php?rest_route=%2Fwp%2Fv2%2Fcomments&post=82330"}],"version-history":[{"count":0,"href":"https:\/\/de.ambaguinee.org\/index.php?rest_route=\/wp\/v2\/posts\/82330\/revisions"}],"wp:attachment":[{"href":"https:\/\/de.ambaguinee.org\/index.php?rest_route=%2Fwp%2Fv2%2Fmedia&parent=82330"}],"wp:term":[{"taxonomy":"category","embeddable":true,"href":"https:\/\/de.ambaguinee.org\/index.php?rest_route=%2Fwp%2Fv2%2Fcategories&post=82330"},{"taxonomy":"post_tag","embeddable":true,"href":"https:\/\/de.ambaguinee.org\/index.php?rest_route=%2Fwp%2Fv2%2Ftags&post=82330"}],"curies":[{"name":"wp","href":"https:\/\/api.w.org\/{rel}","templated":true}]}}