{"id":82543,"date":"2024-12-10T23:15:31","date_gmt":"2024-12-10T22:15:31","guid":{"rendered":"https:\/\/de.ambaguinee.org\/?p=82543"},"modified":"2024-12-10T23:15:31","modified_gmt":"2024-12-10T22:15:31","slug":"dossier-seg-les-plaidoiries-et-requisitions-annoncees-pour-le-11-decembre","status":"publish","type":"post","link":"https:\/\/de.ambaguinee.org\/?p=82543","title":{"rendered":"Dossier SEG. Les plaidoiries et r\u00e9quisitions annonc\u00e9es pour le 11 d\u00e9cembre"},"content":{"rendered":"<div>\n<div style=\"margin-bottom:20px;\"><img width=\"800\" height=\"600\"src=\"https:\/\/i0.wp.com\/www.guinee7.com\/wp-content\/uploads\/2023\/12\/Dioulde.jpg?w=800&amp;ssl=1\" class=\"attachment-post-thumbnail size-post-thumbnail wp-post-image\" alt=\"\" decoding=\"async\" loading=\"lazy\" srcset=\"https:\/\/i0.wp.com\/www.guinee7.com\/wp-content\/uploads\/2023\/12\/Dioulde.jpg?w=800&amp;ssl=1 800w, https:\/\/i0.wp.com\/www.guinee7.com\/wp-content\/uploads\/2023\/12\/Dioulde.jpg?resize=300%2C225&amp;ssl=1 300w, https:\/\/i0.wp.com\/www.guinee7.com\/wp-content\/uploads\/2023\/12\/Dioulde.jpg?resize=768%2C576&amp;ssl=1 768w, https:\/\/i0.wp.com\/www.guinee7.com\/wp-content\/uploads\/2023\/12\/Dioulde.jpg?resize=86%2C64&amp;ssl=1 86w\" sizes=\"auto, (max-width: 800px) 100vw, 800px\"><\/div>\n<p><span style=\"font-size: 20px;\">Les plaidoiries et r\u00e9quisitions dans le dossier Mamadou Djould\u00e9 Diallo, ancien directeur g\u00e9n\u00e9ral de la Soci\u00e9t\u00e9 des Eaux de Guin\u00e9e (SEG), et son co-accus\u00e9, Ousmane Kourouma ont \u00e9t\u00e9 annonc\u00e9es ce lundi 9 d\u00e9cembre.<\/span><\/p>\n<p><span style=\"font-size: 20px;\">Tout est parti de l\u2019annonce de la maladie de l\u2019avocat de la partie civile, Me Amadou Baben Camara, par un de ses confr\u00e8res, qui a, \u00e0 l\u2019occasion, sollicit\u00e9 un renvoi. Ce qui a provoqu\u00e9 la col\u00e8re de Me Sekou Koundiano, l\u2019avocat de l\u2019ex-directeur g\u00e9n\u00e9ral de la SEG qui estime que ce dossier n\u2019a que trop dur\u00e9.<\/span><\/p>\n<p><span style=\"font-size: 20px;\">Le parquet, quant \u00e0 lui, ne s\u2019est pas oppos\u00e9 \u00e0 la demande de renvoi. <\/span><\/p>\n<p><span style=\"font-size: 20px;\">\u00c0 la suite de ces prises de parole, le juge Yacouba Cont\u00e9 a renvoy\u00e9 l\u2019affaire au mercredi 11 d\u00e9cembre. \u00c0 l\u2019audience du jour, les relev\u00e9s bancaires des accus\u00e9s devront \u00eatre pr\u00e9sent\u00e9s et suivra la phase\u00a0 des plaidoiries et r\u00e9quisitions.<\/span><\/p>\n<p><strong><span style=\"font-size: 20px;\">Abdoul Lory Sylla pour guinee7.com<\/span><\/strong><!--\/data\/user\/0\/com.samsung.android.app.notes\/files\/clipdata\/clipdata_bodytext_241210_084349_775.sdocx--><\/p>\n<\/div>\n","protected":false},"excerpt":{"rendered":"<p>Les plaidoiries et r\u00e9quisitions dans le dossier Mamadou Djould\u00e9 Diallo, ancien directeur g\u00e9n\u00e9ral de la Soci\u00e9t\u00e9 des Eaux de Guin\u00e9e (SEG), et son co-accus\u00e9, Ousmane Kourouma ont \u00e9t\u00e9 annonc\u00e9es ce lundi 9 d\u00e9cembre. Tout est parti de l\u2019annonce de la maladie de l\u2019avocat de la partie civile, Me Amadou Baben Camara, par un de ses &hellip;<\/p>\n","protected":false},"author":1,"featured_media":0,"comment_status":"closed","ping_status":"closed","sticky":false,"template":"","format":"standard","meta":{"footnotes":""},"categories":[2],"tags":[22],"_links":{"self":[{"href":"https:\/\/de.ambaguinee.org\/index.php?rest_route=\/wp\/v2\/posts\/82543"}],"collection":[{"href":"https:\/\/de.ambaguinee.org\/index.php?rest_route=\/wp\/v2\/posts"}],"about":[{"href":"https:\/\/de.ambaguinee.org\/index.php?rest_route=\/wp\/v2\/types\/post"}],"author":[{"embeddable":true,"href":"https:\/\/de.ambaguinee.org\/index.php?rest_route=\/wp\/v2\/users\/1"}],"replies":[{"embeddable":true,"href":"https:\/\/de.ambaguinee.org\/index.php?rest_route=%2Fwp%2Fv2%2Fcomments&post=82543"}],"version-history":[{"count":0,"href":"https:\/\/de.ambaguinee.org\/index.php?rest_route=\/wp\/v2\/posts\/82543\/revisions"}],"wp:attachment":[{"href":"https:\/\/de.ambaguinee.org\/index.php?rest_route=%2Fwp%2Fv2%2Fmedia&parent=82543"}],"wp:term":[{"taxonomy":"category","embeddable":true,"href":"https:\/\/de.ambaguinee.org\/index.php?rest_route=%2Fwp%2Fv2%2Fcategories&post=82543"},{"taxonomy":"post_tag","embeddable":true,"href":"https:\/\/de.ambaguinee.org\/index.php?rest_route=%2Fwp%2Fv2%2Ftags&post=82543"}],"curies":[{"name":"wp","href":"https:\/\/api.w.org\/{rel}","templated":true}]}}