{"id":82545,"date":"2024-12-10T23:15:31","date_gmt":"2024-12-10T22:15:31","guid":{"rendered":"https:\/\/de.ambaguinee.org\/?p=82545"},"modified":"2024-12-10T23:15:31","modified_gmt":"2024-12-10T22:15:31","slug":"officiel-naby-keita-signe-a-ferencvaros","status":"publish","type":"post","link":"https:\/\/de.ambaguinee.org\/?p=82545","title":{"rendered":"OFFICIEL : Naby Keita signe \u00e0 FERENCVAROS"},"content":{"rendered":"<div>\n<div style=\"margin-bottom:20px;\"><img width=\"1242\" height=\"932\"src=\"https:\/\/i0.wp.com\/www.guinee7.com\/wp-content\/uploads\/2024\/12\/naby-1.jpg?w=1242&amp;ssl=1\" class=\"attachment-post-thumbnail size-post-thumbnail wp-post-image\" alt=\"\" decoding=\"async\" loading=\"lazy\" srcset=\"https:\/\/i0.wp.com\/www.guinee7.com\/wp-content\/uploads\/2024\/12\/naby-1.jpg?w=1242&amp;ssl=1 1242w, https:\/\/i0.wp.com\/www.guinee7.com\/wp-content\/uploads\/2024\/12\/naby-1.jpg?resize=300%2C225&amp;ssl=1 300w, https:\/\/i0.wp.com\/www.guinee7.com\/wp-content\/uploads\/2024\/12\/naby-1.jpg?resize=1024%2C768&amp;ssl=1 1024w, https:\/\/i0.wp.com\/www.guinee7.com\/wp-content\/uploads\/2024\/12\/naby-1.jpg?resize=768%2C576&amp;ssl=1 768w, https:\/\/i0.wp.com\/www.guinee7.com\/wp-content\/uploads\/2024\/12\/naby-1.jpg?resize=86%2C64&amp;ssl=1 86w\" sizes=\"auto, (max-width: 1242px) 100vw, 1242px\"><\/div>\n<p>C\u2019est officiel ! Naby Keita, le milieu de terrain et capitaine du Syli National de Guin\u00e9e, a sign\u00e9 un pr\u00eat avec Ferencvaros, le champion en titre de Hongrie. Ce transfert marque un tournant significatif dans la carri\u00e8re du joueur, qui cherchait \u00e0 se relancer apr\u00e8s des difficult\u00e9s avec Werder Br\u00eame dont le divorce \u00e9tait pr\u00e9visible.<\/p>\n<p><img data-recalc-dims=\"1\" loading=\"lazy\" decoding=\"async\" class=\"alignnone size-medium wp-image-114341\"src=\"https:\/\/i0.wp.com\/www.guinee7.com\/wp-content\/uploads\/2024\/12\/NABY-2.jpg?w=1080&amp;ssl=1\" alt=\"\" width=\"300\" height=\"199\" srcset=\"https:\/\/i0.wp.com\/www.guinee7.com\/wp-content\/uploads\/2024\/12\/NABY-2.jpg?resize=300%2C199&amp;ssl=1 300w, https:\/\/i0.wp.com\/www.guinee7.com\/wp-content\/uploads\/2024\/12\/NABY-2.jpg?resize=1024%2C679&amp;ssl=1 1024w, https:\/\/i0.wp.com\/www.guinee7.com\/wp-content\/uploads\/2024\/12\/NABY-2.jpg?resize=768%2C509&amp;ssl=1 768w, https:\/\/i0.wp.com\/www.guinee7.com\/wp-content\/uploads\/2024\/12\/NABY-2.jpg?w=1080&amp;ssl=1 1080w\" sizes=\"auto, (max-width: 300px) 100vw, 300px\"><\/p>\n<p>Naby Keita, connu pour sa technique raffin\u00e9e et sa capacit\u00e9 \u00e0 influencer le jeu, a impressionn\u00e9 lors de ses d\u00e9buts en Premier League avec Liverpool, o\u00f9 il a remport\u00e9 plusieurs titres, dont la Ligue des champions. Cependant, les blessures r\u00e9currentes et la concurrence accruent au sein de l\u2019effectif des Reds ont limit\u00e9 son temps de jeu ces derni\u00e8res saisons l\u2019obligeant \u00e0 prendre la direction de l\u2019Allemagne.<\/p>\n<p>Le choix de rejoindre Ferencvaros, l\u2019un des clubs les plus titr\u00e9s de Hongrie, repr\u00e9sente une nouvelle opportunit\u00e9 pour Keita de se remettre en forme et de retrouver son meilleur niveau.<\/p>\n<p>\u00a0<\/p>\n<p><strong>Thierno Abdoul Barry pour guinee7.com<\/strong><\/p>\n<\/div>\n","protected":false},"excerpt":{"rendered":"<p>C\u2019est officiel ! Naby Keita, le milieu de terrain et capitaine du Syli National de Guin\u00e9e, a sign\u00e9 un pr\u00eat avec Ferencvaros, le champion en titre de Hongrie. Ce transfert marque un tournant significatif dans la carri\u00e8re du joueur, qui cherchait \u00e0 se relancer apr\u00e8s des difficult\u00e9s avec Werder Br\u00eame dont le divorce \u00e9tait pr\u00e9visible. &hellip;<\/p>\n","protected":false},"author":1,"featured_media":0,"comment_status":"closed","ping_status":"closed","sticky":false,"template":"","format":"standard","meta":{"footnotes":""},"categories":[2],"tags":[22],"_links":{"self":[{"href":"https:\/\/de.ambaguinee.org\/index.php?rest_route=\/wp\/v2\/posts\/82545"}],"collection":[{"href":"https:\/\/de.ambaguinee.org\/index.php?rest_route=\/wp\/v2\/posts"}],"about":[{"href":"https:\/\/de.ambaguinee.org\/index.php?rest_route=\/wp\/v2\/types\/post"}],"author":[{"embeddable":true,"href":"https:\/\/de.ambaguinee.org\/index.php?rest_route=\/wp\/v2\/users\/1"}],"replies":[{"embeddable":true,"href":"https:\/\/de.ambaguinee.org\/index.php?rest_route=%2Fwp%2Fv2%2Fcomments&post=82545"}],"version-history":[{"count":0,"href":"https:\/\/de.ambaguinee.org\/index.php?rest_route=\/wp\/v2\/posts\/82545\/revisions"}],"wp:attachment":[{"href":"https:\/\/de.ambaguinee.org\/index.php?rest_route=%2Fwp%2Fv2%2Fmedia&parent=82545"}],"wp:term":[{"taxonomy":"category","embeddable":true,"href":"https:\/\/de.ambaguinee.org\/index.php?rest_route=%2Fwp%2Fv2%2Fcategories&post=82545"},{"taxonomy":"post_tag","embeddable":true,"href":"https:\/\/de.ambaguinee.org\/index.php?rest_route=%2Fwp%2Fv2%2Ftags&post=82545"}],"curies":[{"name":"wp","href":"https:\/\/api.w.org\/{rel}","templated":true}]}}