{"id":82551,"date":"2024-12-10T23:15:37","date_gmt":"2024-12-10T22:15:37","guid":{"rendered":"https:\/\/de.ambaguinee.org\/?p=82551"},"modified":"2024-12-10T23:15:37","modified_gmt":"2024-12-10T22:15:37","slug":"transfert-naby-keita-est-officiellement-un-joueur-de-ferencvaros","status":"publish","type":"post","link":"https:\/\/de.ambaguinee.org\/?p=82551","title":{"rendered":"Transfert : Naby Keita est officiellement un joueur de Ferencvaros"},"content":{"rendered":"<div>\n<p><strong>FERENCVAROS- Comme nous l\u2019annoncions dans l\u2019un de nos pr\u00e9c\u00e9dents articles, Naby Keita s\u2019est officiellement engag\u00e9 en faveur du championnat de la Hongrois. Le capitaine du Syli national est pr\u00eat\u00e9 par son club Werder Br\u00eame avec lequel il \u00e9tait en froid ces derniers temps et qui l\u2019avait mis de c\u00f4t\u00e9 de l\u2019\u00e9quipe pro<\/strong>. <\/p>\n<figure class=\"wp-block-image size-large\"><img loading=\"lazy\" decoding=\"async\" width=\"1024\" height=\"683\"src=\"https:\/\/de.ambaguinee.org\/wp-content\/uploads\/2024\/12\/FB_IMG_1733833728278.jpg\" alt=\"\" class=\"wp-image-53899\" srcset=\"https:\/\/usercontent.one\/wp\/guineefoot.info\/wp-content\/uploads\/2024\/12\/FB_IMG_1733833728278-1024x683.jpg 1024w, https:\/\/usercontent.one\/wp\/guineefoot.info\/wp-content\/uploads\/2024\/12\/FB_IMG_1733833728278-300x200.jpg 300w, https:\/\/usercontent.one\/wp\/guineefoot.info\/wp-content\/uploads\/2024\/12\/FB_IMG_1733833728278-768x512.jpg 768w, https:\/\/usercontent.one\/wp\/guineefoot.info\/wp-content\/uploads\/2024\/12\/FB_IMG_1733833728278-600x400.jpg 600w, https:\/\/de.ambaguinee.org\/wp-content\/uploads\/2024\/12\/FB_IMG_1733833728278.jpg 1080w\" sizes=\"(max-width: 1024px) 100vw, 1024px\"><\/figure>\n<p>Le milieu de terrain guin\u00e9en rebondit donc en Hongrie o\u00fb il va essayer de gratter du temps de jeu et r\u00e9cup\u00e9rer sa forme. Naby Keita retrouve un club avec moins de pression et fera surtout b\u00e9n\u00e9ficier ce dernier de ses riches exp\u00e9riences acquises notamment dans les grands clubs d\u2019Europe comme Liverpool o\u00fb il a gagn\u00e9 la Ligue des champions UEFA. Pourvu qu\u2019il soit enfin d\u00e9barrass\u00e9 des blessures qui ont plusieurs fois frein\u00e9 sa carri\u00e8re. <\/p>\n<p><strong>Mohamed LAMINE TOUR\u00c9 <\/strong><\/p>\n<p><strong>T\u00e9l : (+224) 622 653 422 <\/strong><\/p>\n<\/p>\n<\/div>\n","protected":false},"excerpt":{"rendered":"<p>FERENCVAROS- Comme nous l\u2019annoncions dans l\u2019un de nos pr\u00e9c\u00e9dents articles, Naby Keita s\u2019est officiellement engag\u00e9 en faveur du championnat de la Hongrois. Le capitaine du Syli national est pr\u00eat\u00e9 par son club Werder Br\u00eame avec lequel il \u00e9tait en froid ces derniers temps et qui l\u2019avait mis de c\u00f4t\u00e9 de l\u2019\u00e9quipe pro. Le milieu de &hellip;<\/p>\n","protected":false},"author":1,"featured_media":82552,"comment_status":"closed","ping_status":"closed","sticky":false,"template":"","format":"standard","meta":{"footnotes":""},"categories":[4],"tags":[],"_links":{"self":[{"href":"https:\/\/de.ambaguinee.org\/index.php?rest_route=\/wp\/v2\/posts\/82551"}],"collection":[{"href":"https:\/\/de.ambaguinee.org\/index.php?rest_route=\/wp\/v2\/posts"}],"about":[{"href":"https:\/\/de.ambaguinee.org\/index.php?rest_route=\/wp\/v2\/types\/post"}],"author":[{"embeddable":true,"href":"https:\/\/de.ambaguinee.org\/index.php?rest_route=\/wp\/v2\/users\/1"}],"replies":[{"embeddable":true,"href":"https:\/\/de.ambaguinee.org\/index.php?rest_route=%2Fwp%2Fv2%2Fcomments&post=82551"}],"version-history":[{"count":0,"href":"https:\/\/de.ambaguinee.org\/index.php?rest_route=\/wp\/v2\/posts\/82551\/revisions"}],"wp:featuredmedia":[{"embeddable":true,"href":"https:\/\/de.ambaguinee.org\/index.php?rest_route=\/wp\/v2\/media\/82552"}],"wp:attachment":[{"href":"https:\/\/de.ambaguinee.org\/index.php?rest_route=%2Fwp%2Fv2%2Fmedia&parent=82551"}],"wp:term":[{"taxonomy":"category","embeddable":true,"href":"https:\/\/de.ambaguinee.org\/index.php?rest_route=%2Fwp%2Fv2%2Fcategories&post=82551"},{"taxonomy":"post_tag","embeddable":true,"href":"https:\/\/de.ambaguinee.org\/index.php?rest_route=%2Fwp%2Fv2%2Ftags&post=82551"}],"curies":[{"name":"wp","href":"https:\/\/api.w.org\/{rel}","templated":true}]}}