{"id":82602,"date":"2024-12-11T23:06:09","date_gmt":"2024-12-11T22:06:09","guid":{"rendered":"https:\/\/de.ambaguinee.org\/?p=82602"},"modified":"2024-12-11T23:06:09","modified_gmt":"2024-12-11T22:06:09","slug":"fode-mansare-nomme-ambassadeur-des-equipes-scolaires-de-guinee-decision","status":"publish","type":"post","link":"https:\/\/de.ambaguinee.org\/?p=82602","title":{"rendered":"Fod\u00e9 Mansar\u00e9 nomme ambassadeur des \u00e9quipes scolaires de Guin\u00e9e (d\u00e9cision)"},"content":{"rendered":"<div>\n<p><strong>DAKAR- L\u2019ancien international guin\u00e9en, Fod\u00e9 Mansar\u00e9 b\u00e9n\u00e9ficie de la confiance du pr\u00e9sident de la F\u00e9d\u00e9ration guin\u00e9enne du sport scolaire (Feguisco). Apr\u00e8s le choix port\u00e9 sur sa personne par les organisateurs du tournoi scolaire au S\u00e9n\u00e9gal comme l\u00e9gende invit\u00e9e \u00e0 Dakar, il est aussi nomm\u00e9 en Guin\u00e9e. <\/strong><\/p>\n<p>Le pr\u00e9sident de l\u2019Academie Foot \u00c9lite est nomm\u00e9 ambassadeur des \u00e9quipes nationales scolaires (hommes et femmes) de Guin\u00e9e U15 au titre de la 3e \u00e9dition du championnat scolaire africain  de football de la CAF qui se tiendra au S\u00e9n\u00e9gal du 10 au 14 d\u00e9cembre 2024. Une autre reconnaissance \u00e0 l\u2019endroit de l\u2019ex ailier du Syli, lui qui sacrifie son temps pour aider les jeunes et le football guin\u00e9en depuis qu\u2019il a raccroch\u00e9 les crampons. <\/p>\n<p><strong>VOICI LA D\u00c9CISION DE NOMINATION DE FOD\u00c9 MANSAR\u00c9 <\/strong><\/p>\n<figure class=\"wp-block-image size-large\"><img fetchpriority=\"high\" decoding=\"async\" width=\"802\" height=\"1024\"src=\"https:\/\/de.ambaguinee.org\/wp-content\/uploads\/2024\/12\/Screenshot_20241211_201331_All-Document-Reader.jpg\" alt=\"\" class=\"wp-image-53918\" srcset=\"https:\/\/usercontent.one\/wp\/guineefoot.info\/wp-content\/uploads\/2024\/12\/Screenshot_20241211_201331_All-Document-Reader-802x1024.jpg 802w, https:\/\/usercontent.one\/wp\/guineefoot.info\/wp-content\/uploads\/2024\/12\/Screenshot_20241211_201331_All-Document-Reader-235x300.jpg 235w, https:\/\/usercontent.one\/wp\/guineefoot.info\/wp-content\/uploads\/2024\/12\/Screenshot_20241211_201331_All-Document-Reader-768x981.jpg 768w, https:\/\/usercontent.one\/wp\/guineefoot.info\/wp-content\/uploads\/2024\/12\/Screenshot_20241211_201331_All-Document-Reader-600x766.jpg 600w, https:\/\/de.ambaguinee.org\/wp-content\/uploads\/2024\/12\/Screenshot_20241211_201331_All-Document-Reader.jpg 1080w\" sizes=\"(max-width: 802px) 100vw, 802px\"><\/figure>\n<\/div>\n","protected":false},"excerpt":{"rendered":"<p>DAKAR- L\u2019ancien international guin\u00e9en, Fod\u00e9 Mansar\u00e9 b\u00e9n\u00e9ficie de la confiance du pr\u00e9sident de la F\u00e9d\u00e9ration guin\u00e9enne du sport scolaire (Feguisco). Apr\u00e8s le choix port\u00e9 sur sa personne par les organisateurs du tournoi scolaire au S\u00e9n\u00e9gal comme l\u00e9gende invit\u00e9e \u00e0 Dakar, il est aussi nomm\u00e9 en Guin\u00e9e. Le pr\u00e9sident de l\u2019Academie Foot \u00c9lite est nomm\u00e9 ambassadeur &hellip;<\/p>\n","protected":false},"author":1,"featured_media":82603,"comment_status":"closed","ping_status":"closed","sticky":false,"template":"","format":"standard","meta":{"footnotes":""},"categories":[4],"tags":[],"_links":{"self":[{"href":"https:\/\/de.ambaguinee.org\/index.php?rest_route=\/wp\/v2\/posts\/82602"}],"collection":[{"href":"https:\/\/de.ambaguinee.org\/index.php?rest_route=\/wp\/v2\/posts"}],"about":[{"href":"https:\/\/de.ambaguinee.org\/index.php?rest_route=\/wp\/v2\/types\/post"}],"author":[{"embeddable":true,"href":"https:\/\/de.ambaguinee.org\/index.php?rest_route=\/wp\/v2\/users\/1"}],"replies":[{"embeddable":true,"href":"https:\/\/de.ambaguinee.org\/index.php?rest_route=%2Fwp%2Fv2%2Fcomments&post=82602"}],"version-history":[{"count":0,"href":"https:\/\/de.ambaguinee.org\/index.php?rest_route=\/wp\/v2\/posts\/82602\/revisions"}],"wp:featuredmedia":[{"embeddable":true,"href":"https:\/\/de.ambaguinee.org\/index.php?rest_route=\/wp\/v2\/media\/82603"}],"wp:attachment":[{"href":"https:\/\/de.ambaguinee.org\/index.php?rest_route=%2Fwp%2Fv2%2Fmedia&parent=82602"}],"wp:term":[{"taxonomy":"category","embeddable":true,"href":"https:\/\/de.ambaguinee.org\/index.php?rest_route=%2Fwp%2Fv2%2Fcategories&post=82602"},{"taxonomy":"post_tag","embeddable":true,"href":"https:\/\/de.ambaguinee.org\/index.php?rest_route=%2Fwp%2Fv2%2Ftags&post=82602"}],"curies":[{"name":"wp","href":"https:\/\/api.w.org\/{rel}","templated":true}]}}