{"id":8357,"date":"2021-05-19T23:00:50","date_gmt":"2021-05-19T21:00:50","guid":{"rendered":"https:\/\/de.ambaguinee.org\/?p=8357"},"modified":"2021-05-19T23:00:50","modified_gmt":"2021-05-19T21:00:50","slug":"lamarana-petty-en-appelle-au-glaive-qui-permet-de-reequilibrer-la-balance","status":"publish","type":"post","link":"https:\/\/de.ambaguinee.org\/?p=8357","title":{"rendered":"Lamarana Petty en appelle au \u00ab glaive qui permet (de) r\u00e9\u00e9quilibrer la balance"},"content":{"rendered":"<div>\n<p><strong>Lamarana Petty Diallo<\/strong>\u00a0en appelle \u00e0 la bonne foi des autorit\u00e9s du 3e mandat plut\u00f4t qu\u2019\u00e0 leur couardise face \u00e0 la situation dramatique dans laquelle se trouve le pays depuis les \u00e9v\u00e9nements r\u00e9f\u00e9rendaire et l\u00e9gislatif du 22 mars 2020.<\/p>\n<p><em>Professeur de Lettres-Histoire Hors Classe en France, il invite tout un chacun \u00e0 apporter sa contribution au retour de la Guin\u00e9e sur l\u2019ar\u00e8ne internationale.<\/em><em><\/em><\/p>\n<p>La Guin\u00e9e, notre pays, est toujours \u00e0 la crois\u00e9e des chemins. Elle cherche encore la voie de sortie. Les derni\u00e8res \u00e9ch\u00e9ances \u00e9lectorales ne semblent pas avoir montr\u00e9 la meilleure.<\/p>\n<p>Pourquoi pas maintenant\u00a0?<\/p>\n<p>Il revient \u00e0 chacun, \u00e0 chaque citoyen, \u00e0 chaque responsable, de quelque bord que ce soit, de s\u2019interroger pour savoir ce qu\u2019il y a de mieux pour que nous en sortions.<\/p>\n<p>Chacun de nous devrait prendre conscience de sa part de responsabilit\u00e9 pour le devenir de la nation, de la patrie et de notre peuple tant sollicit\u00e9 et souvent \u00e9plor\u00e9.<\/p>\n<p>Les pr\u00e9occupations du moment, au centre de toutes les interrogations, portent, \u00e0 mon avis, sur trois sujets qui engagent toute la nation\u00a0: comment faire pour lib\u00e9rer les d\u00e9tenus d\u2019opinion ou politiques, peu importe l\u2019appellation. La r\u00e9instauration du dialogue entre les diff\u00e9rents acteurs politiques et la r\u00e9inscription de notre pays dans le concert des nations. Pour \u00eatre plus l\u00e9ger, j\u2019ajouterai, comment circuler en cet hivernage qui s\u2019annonce entre les diff\u00e9rentes portions du territoire.<\/p>\n<p>Des d\u00e9tenus d\u2019opinion<\/p>\n<p>Qui ignore qu\u2019il s\u2019agit-l\u00e0 d\u2019un sujet sensible autour duquel certains cherchent \u00e0 se fa\u00e7onner une carri\u00e8re sur le dos des pauvres h\u00f4tes de la maison centrale de Coronthie et d\u2019ailleurs. D\u2019autres, en revanche, s\u2019att\u00e8lent tant bien que mal, \u00e0 trouver une solution m\u00e9diane, consensuelle, d\u00e9finitive.<\/p>\n<p>Autant la t\u00e2che est facile pour la premi\u00e8re cat\u00e9gorie, autant elle est escarp\u00e9e pour la deuxi\u00e8me car, les tenants de la voie de la m\u00e9diation, du rapprochement des points de vue est d\u00e9sint\u00e9ress\u00e9e.\u00a0\u00a0Ce qui la rend d\u2019autant plus compliqu\u00e9e du fait que, de part et d\u2019autre de l\u2019\u00e9chiquier, il y en a qui cherchent \u00e0 d\u00e9culotter celui qui est en face.<\/p>\n<p>L\u2019absence d\u2019interlocuteurs ne rend pas la chose des plus ais\u00e9es. Pourtant, cela n\u2019est pas impossible mais faudrait-il que des voix prennent la responsabilit\u00e9 de se faire entendre aupr\u00e8s du pouvoir et de l\u2019opposition. Cependant, tous les acteurs r\u00e9els ou potentiels semblent opter pour un mutisme retentissant.\u00a0\u00a0Pour cause\u00a0? A chacun de chercher la r\u00e9ponse.<\/p>\n<p>Pour ma part, je souhaiterais que les voix les plus autoris\u00e9es de part et d\u2019autre resurgissent\u00a0; qu\u2019elles appellent encore et encore plus, \u00e0 la raison, au dialogue, \u00e0 la d\u00e9tente, \u00e0 la d\u00e9crispation. Qu\u2019elles fassent savoir que dans notre pays, il n\u2019y a pas les bons d\u2019un c\u00f4t\u00e9 et les m\u00e9chants de l\u2019autre.<\/p>\n<p>Que nous ne saurions \u00eatre qu\u2019un, car les barri\u00e8res du moment finiront par sauter au profit de la nation et du bien-\u00eatre de notre peuple. Ceux qui attisent la division, exhibent l\u2019\u00e9pouvantail de toutes les peurs ne peuvent avoir raison du devenir de notre pays si la raison l\u2019emportait sur le subjectivisme malsain de la minorit\u00e9.<\/p>\n<p>C\u2019est donc le moment de dire qu\u2019il ne serait pas trop tard si les autorit\u00e9s morales de notre pays\u00a0: coordinations r\u00e9gionales, autorit\u00e9s religieuses, personnalit\u00e9s influentes ou personnes ressources se donnaient la main pour peser de tout leur poids sur les acteurs politiques.<\/p>\n<p>Au sein des partis politiques du pouvoir ou de l\u2019opposition, devraient \u00e9galement na\u00eetre des initiatives individuelles, collectives, de la base au sommet, qui se donneraient pour mission de cultiver le dialogue inter ou infrastructurelles. Elles se mettraient alors au-dessus des conflits id\u00e9ologiques ou politiques pour dire \u00e0 qui de droit que la situation actuelle devrait \u00eatre r\u00e9solue car l\u2019int\u00e9r\u00eat sup\u00e9rieur seul compte.<\/p>\n<p>Qu\u2019elle soit la d\u00e9marche adopt\u00e9e, toutes les voies sont les bienvenues pour favoriser la lib\u00e9ration des d\u00e9tenus. La question de proc\u00e8s trouverait par la m\u00eame occasion la solution la plus ad\u00e9quate avec, en toile de fond cet adage\u00a0:\u00a0<em>\u00ab\u00a0La glaive qui permet d\u2019arr\u00eater peut ordonner de rel\u00e2cher pour r\u00e9\u00e9quilibrer la balance\u00a0\u00bb<\/em>.\u00a0<\/p>\n<p>Autant dire\u00a0qu\u2019il n\u2019est point interdit de penser qu\u2019en cas de d\u00e9tente, de d\u00e9crispation, tous les espoirs sont permis.\u00a0\u00a0La nation en b\u00e9n\u00e9ficierait au-del\u00e0 de tous les espoirs. Le pouvoir aussi. Pourquoi cela ne serait pas maintenant\u00a0?<\/p>\n<p>De la r\u00e9instauration du dialogue politique<\/p>\n<p>Sujet \u00e9galement d\u00e9licat tant les positions sont tranch\u00e9es. Ceux qui, comme moi oserait aborder le sujet, le font sans aucune \u00e9tiquette politique. Tout simplement, parce que bien de nos compatriotes sont aptes \u00e0 se limiter \u00e0 la lecture au premier degr\u00e9 pour en tirer des conclusions qui, en faveur du pouvoir, qui en d\u00e9faveur de l\u2019opposition. Et inversement. Ma plume est cependant d\u00e9sint\u00e9ress\u00e9e et ne vise ni Paul ni Pierre encore moins Ramata ou Kouta.<\/p>\n<p>Une nation dans laquelle le dialogue est mis de c\u00f4t\u00e9 tend vers les conflits. Parfois, les plus exacerb\u00e9s. Le dialogue est l\u2019arme politique la plus redoutable car n\u2019ose l\u2019affronter que les vrais soldats. En termes de pouvoir, il s\u2019agit des grands hommes politiques du moment. N\u2019est-ce pas qu\u2019Anouar El Sadate et Menahem Begin ont os\u00e9 Camp David en septembre 1978\u00a0? Mandela et Frederik de Klerk se sont donn\u00e9 la poign\u00e9e de main alors que le premier avait toutes les raisons de refuser la main tendue. La promotion de la r\u00e9conciliation tient des grands hommes et n\u2019ont des egos surdimensionn\u00e9s. Esp\u00e9rons que les n\u00f4tres soient de la premi\u00e8re cat\u00e9gorie. Pour remplir la mission de la r\u00e9conciliation, il faudrait que, de chaque part, les bonnes initiatives se l\u00e8vent, effacent les doutes, pansent les blessures et les d\u00e9ceptions. Une t\u00e2che humainement difficile mais politiquement n\u00e9cessaire. Une action vitale pour le pays\u00a0et essentielle pour le pouvoir et l\u2019opposition.\u00a0<\/p>\n<p>La question est de savoir s\u2019il y en a encore parmi nos compatriotes qui pr\u00e9f\u00e8rent relever les d\u00e9fis de la nation et non les d\u00e9fis personnels. Des personnes capables d\u2019orienter leur force non plus \u00e0 l\u2019adversaire mais au profit de la nation afin que nous retrouvions notre place parmi les grandes nations. Si de telles personnes, personnalit\u00e9s, individualit\u00e9s sont encore parmi nous, pourquoi ne le feraient-elles pas maintenant\u00a0?<\/p>\n<p>Notre place n\u2019est pas \u00e0 la marge des nations<\/p>\n<p>Un pays divis\u00e9, un peuple qui s\u2019installe dans la m\u00e9sentente ne saurait b\u00e9n\u00e9ficier de la consid\u00e9ration des autres \u00c9tats, peuples et nations. Le respect et la reconnaissance se cultivent de l\u2019int\u00e9rieur afin qu\u2019elle s\u2019acquiert de l\u2019ext\u00e9rieur.<\/p>\n<p>Faut-il le reconna\u00eetre, la situation de notre pays \u00e0 l\u2019internationale n\u2019est pas des plus reluisantes par ces temps qui courent. Un tel \u00e9tat de fait n\u2019arrange personne. Du moins \u00e0 la longue. Pouvoir et opposition n\u2019y ont rien \u00e0 gagner.\u00a0\u00a0Certes, le premier en p\u00e2tit plus que l\u2019autre. N\u00e9anmoins, au final, c\u2019est la Guin\u00e9e et les guin\u00e9ens qui en souffriront.<\/p>\n<p>Ce sujet, plus d\u00e9licat que les pr\u00e9c\u00e9dents, m\u00e9rite que chacun y mette du sien\u00a0: le pouvoir plus que l\u2019opposition. Cependant, la d\u00e9crispation ne pouvant \u00eatre \u00e0 sens unique, trouver les voies et moyens de r\u00e9inscrire notre pays dans le concert des nations, incombe \u00e0 tous les acteurs.<\/p>\n<p>Qui douterait que la lib\u00e9ration, quelle que soit la forme (totale, conditionnelle), l\u2019instauration du dialogue politique, non plus sous la loupe des pr\u00e9c\u00e9dents, mais dans un esprit de renouveau, sont des crit\u00e8res endog\u00e8nes, internes pouvant conduire \u00e0 la d\u00e9tente ext\u00e9rieure.\u00a0Si tel \u00e9tait le cas, pourquoi ne pas le faire d\u00e8s maintenant\u00a0?<\/p>\n<p>La complexit\u00e9 de la situation politique de notre pays, la tradition de la crise, le manque de confiance end\u00e9mique entre acteurs politiques auxquelles s\u2019ajoute une infinit\u00e9 de maux\u00a0: l\u2019\u00e9rudition des semi-alphab\u00e8tes, l\u2019imb\u00e9cillit\u00e9 d\u2019une certaine \u00e9lite, les faillites des pouvoirs, l\u2019obstination de certains acteurs politiques, la versatilit\u00e9 d\u2019autres toujours \u00e0 la recherche de postes et de pitance, l\u2019\u00e9go\u00efsme presque g\u00e9n\u00e9ralis\u00e9 du guin\u00e9en qui n\u2019est jamais aussi fort que lorsqu\u2019il s\u2019acharne sur son prochain sont autant de tares qui freinent notre avanc\u00e9e solidaire, politique et d\u00e9mocratique.<\/p>\n<p>Notre pays a besoin de voix mieux inspir\u00e9es, plus mesur\u00e9es, plus tol\u00e9rantes pour ressouder le tissu sociopolitique de notre pays. Cependant, aussi longtemps que les uns s\u2019att\u00e8leront \u00e0 abattre les autres, notre Guin\u00e9e ne conna\u00eetra ni paix sociale, ni avanc\u00e9e politique. Encore moins un r\u00e9gime d\u00e9mocratique. Aussi longtemps que les prisons seront remplies d\u2019acteurs politiques, les bancs du dialogue d\u00e9sesp\u00e9r\u00e9ment vides, les langues des autorit\u00e9s morales mur\u00e9es dans le silence, la situation sociopolitique ira de crispation \u00e0 tension. Au risque d\u2019explosion.<\/p>\n<p>Tant que ce sont les d\u00e9sesp\u00e9r\u00e9s de la politique, les d\u00e9missionnaires ou d\u00e9flat\u00e9s de leur partis d\u2019origines, qui cherchent continuellement une nouvelle virginit\u00e9, qui naviguent entre le pouvoir et les vrais opposants r\u00e9publicains, notre peuple continuera \u00e0 avoir les deux pieds sur les deux quais d\u2019un m\u00eame fleuve.<\/p>\n<p>Alors, nous serons plus pr\u00e8s du naufrage que du largage des amarres pour une travers\u00e9e faite d\u2019union, de gaiet\u00e9, d\u2019unit\u00e9 dans un pays de d\u00e9mocratie et de paix. Pour que cela ne soit, que tout ce qui est n\u00e9cessaire se fasse pour relever les trois d\u00e9fis \u00e9voqu\u00e9s. Et pourquoi pas maintenant\u00a0?<\/p>\n<p><em>Par<\/em>\u00a0<strong>Lamarana-Petty Diallo<\/strong><\/p>\n<p><a href=\"mailto:lamaranapetty@yahoo.fr\" target=\"_blank\" rel=\"noreferrer noopener\">lamaranapetty@yahoo.fr<\/a><\/p>\n<figure class=\"wp-block-image\"><imgsrc=\"\" alt=\"\"><\/figure>\n<\/p>\n<p>L\u2019article <a rel=\"nofollow\" href=\"https:\/\/mediaguinee.org\/lamarana-petty-en-appelle-au-glaive-qui-permet-de-reequilibrer-la-balance\/\">Lamarana Petty en appelle au \u00ab glaive qui permet (de) r\u00e9\u00e9quilibrer la balance<\/a> est apparu en premier sur <a rel=\"nofollow\" href=\"https:\/\/mediaguinee.org\/\">Mediaguinee.org<\/a>.<\/p>\n<\/div>\n","protected":false},"excerpt":{"rendered":"<p>Lamarana Petty Diallo\u00a0en appelle \u00e0 la bonne foi des autorit\u00e9s du 3e mandat plut\u00f4t qu\u2019\u00e0 leur couardise face \u00e0 la situation dramatique dans laquelle se trouve le pays depuis les \u00e9v\u00e9nements r\u00e9f\u00e9rendaire et l\u00e9gislatif du 22 mars 2020. Professeur de Lettres-Histoire Hors Classe en France, il invite tout un chacun \u00e0 apporter sa contribution au &hellip;<\/p>\n","protected":false},"author":1,"featured_media":0,"comment_status":"closed","ping_status":"closed","sticky":false,"template":"","format":"standard","meta":{"footnotes":""},"categories":[2],"tags":[23],"_links":{"self":[{"href":"https:\/\/de.ambaguinee.org\/index.php?rest_route=\/wp\/v2\/posts\/8357"}],"collection":[{"href":"https:\/\/de.ambaguinee.org\/index.php?rest_route=\/wp\/v2\/posts"}],"about":[{"href":"https:\/\/de.ambaguinee.org\/index.php?rest_route=\/wp\/v2\/types\/post"}],"author":[{"embeddable":true,"href":"https:\/\/de.ambaguinee.org\/index.php?rest_route=\/wp\/v2\/users\/1"}],"replies":[{"embeddable":true,"href":"https:\/\/de.ambaguinee.org\/index.php?rest_route=%2Fwp%2Fv2%2Fcomments&post=8357"}],"version-history":[{"count":0,"href":"https:\/\/de.ambaguinee.org\/index.php?rest_route=\/wp\/v2\/posts\/8357\/revisions"}],"wp:attachment":[{"href":"https:\/\/de.ambaguinee.org\/index.php?rest_route=%2Fwp%2Fv2%2Fmedia&parent=8357"}],"wp:term":[{"taxonomy":"category","embeddable":true,"href":"https:\/\/de.ambaguinee.org\/index.php?rest_route=%2Fwp%2Fv2%2Fcategories&post=8357"},{"taxonomy":"post_tag","embeddable":true,"href":"https:\/\/de.ambaguinee.org\/index.php?rest_route=%2Fwp%2Fv2%2Ftags&post=8357"}],"curies":[{"name":"wp","href":"https:\/\/api.w.org\/{rel}","templated":true}]}}