{"id":8362,"date":"2021-05-19T23:00:52","date_gmt":"2021-05-19T21:00:52","guid":{"rendered":"https:\/\/de.ambaguinee.org\/?p=8362"},"modified":"2021-05-19T23:00:52","modified_gmt":"2021-05-19T21:00:52","slug":"amadou-dioulde-diallo-il-ne-faut-pas-souhaiter-la-prison-meme-a-son-pire-ennemi","status":"publish","type":"post","link":"https:\/\/de.ambaguinee.org\/?p=8362","title":{"rendered":"Amadou Diould\u00e9 Diallo : \u00ab Il ne faut pas souhaiter la prison m\u00eame \u00e0 son pire ennemi \u00bb"},"content":{"rendered":"<div>\n<p>Quelques minutes apr\u00e8s sa lib\u00e9ration par le tribunal de premi\u00e8re instance de Dixinn, le journaliste Amadou Diould\u00e9 Diallo s\u2019est exprim\u00e9\u00a0: \u00ab\u00a0Je suis content d\u2019\u00eatre all\u00e9 en prison, c\u2019est l\u2019avant derni\u00e8re \u00e9preuve d\u2019un homme avant sa mort. La prison est une \u00e9cole qu\u2019on ne trouve nulle part ailleurs. Un homme qui subit une telle \u00e9preuve doit respect \u00e0 ceux qui l\u2019ont d\u00e9j\u00e0 subie, connue et \u00e9galement s\u2019incline devant la m\u00e9moire de ceux qui ont perdu leur vie en prison, \u00eatre solidaire et compatir \u00e0 la famille qui ont perdu la vie en prison. Il ne faut pas\u00a0 souhaiter la prison m\u00eame en son pire ennemi.\u00a0\u00bb<\/p>\n<p>En plus, \u00ab\u00a0je remercie ma famille, ma belle-famille, la presse, Reporter sans fronti\u00e8re, l\u2019association international de presse sportive, mes avocats, tous ceux qui, de fa\u00e7on anonyme, ont contribu\u00e9 dans le strict respect de la loi L002. Nous devons nous battre pour la maintenir, nous battre pour la consolider. Parce que c\u2019est elle qui constitue notre fermant d\u00e9fense face au pouvoir public c\u2019est extr\u00eamement important\u00a0\u00bb.<\/p>\n<p>Cependant, \u00ab\u00a0assurez-vous encore une fois que mes convictions, je les d\u00e9fendrai jusqu\u2019\u00e0 mon dernier souffle. Mais pour le moment, j\u2019occupe de moi-m\u00eame et j\u2019essaye de me r\u00e9jouir de ma libert\u00e9\u00a0\u00bb, a-t-il fait savoir.<\/p>\n<p>Va-t-il faire appel\u00a0? Le collectif des avocats du journaliste par la voix de Me Mohamed Traor\u00e9 r\u00e9pond\u00a0: \u00ab\u00a0Pour l\u2019instant, cette d\u00e9cision ne peut \u00eatre prise, m\u00eame discut\u00e9e ici. Nous allons en parler avec notre client parce qu\u2019en mati\u00e8re p\u00e9nale, nous ne faisons qu\u2019assister nos clients nous ne les repr\u00e9sentons pas. Si la volont\u00e9 de M. Amadou Diould\u00e9 Diallo \u00e9tait que nous fassions appel, nous ferons appel conform\u00e9ment \u00e0 la loi, parce que nous estimons que c\u2019est \u00e0 tort qu\u2019il a \u00e9t\u00e9 condamn\u00e9.\u00a0\u00bb<\/p>\n<p>Bhoye Barry pour\u00a0<a href=\"http:\/\/guinee7.com\/\">guinee7.com<\/a><\/p>\n<p>00224 628 705 199<\/p>\n<p>\u00a0<\/p>\n<p>L\u2019article <a rel=\"nofollow\" href=\"https:\/\/www.guinee7.com\/amadou-dioulde-diallo-il-ne-faut-pas-souhaiter-la-prison-meme-a-son-pire-ennemi\/\">Amadou Diould\u00e9 Diallo : \u00ab Il ne faut pas souhaiter la prison m\u00eame \u00e0 son pire ennemi \u00bb<\/a> est apparu en premier sur <a rel=\"nofollow\" href=\"https:\/\/www.guinee7.com\/\">Guinee7.com<\/a>.<\/p>\n<\/div>\n","protected":false},"excerpt":{"rendered":"<p>Quelques minutes apr\u00e8s sa lib\u00e9ration par le tribunal de premi\u00e8re instance de Dixinn, le journaliste Amadou Diould\u00e9 Diallo s\u2019est exprim\u00e9\u00a0: \u00ab\u00a0Je suis content d\u2019\u00eatre all\u00e9 en prison, c\u2019est l\u2019avant derni\u00e8re \u00e9preuve d\u2019un homme avant sa mort. La prison est une \u00e9cole qu\u2019on ne trouve nulle part ailleurs. Un homme qui subit une telle \u00e9preuve doit &hellip;<\/p>\n","protected":false},"author":1,"featured_media":0,"comment_status":"closed","ping_status":"closed","sticky":false,"template":"","format":"standard","meta":{"footnotes":""},"categories":[2],"tags":[22],"_links":{"self":[{"href":"https:\/\/de.ambaguinee.org\/index.php?rest_route=\/wp\/v2\/posts\/8362"}],"collection":[{"href":"https:\/\/de.ambaguinee.org\/index.php?rest_route=\/wp\/v2\/posts"}],"about":[{"href":"https:\/\/de.ambaguinee.org\/index.php?rest_route=\/wp\/v2\/types\/post"}],"author":[{"embeddable":true,"href":"https:\/\/de.ambaguinee.org\/index.php?rest_route=\/wp\/v2\/users\/1"}],"replies":[{"embeddable":true,"href":"https:\/\/de.ambaguinee.org\/index.php?rest_route=%2Fwp%2Fv2%2Fcomments&post=8362"}],"version-history":[{"count":0,"href":"https:\/\/de.ambaguinee.org\/index.php?rest_route=\/wp\/v2\/posts\/8362\/revisions"}],"wp:attachment":[{"href":"https:\/\/de.ambaguinee.org\/index.php?rest_route=%2Fwp%2Fv2%2Fmedia&parent=8362"}],"wp:term":[{"taxonomy":"category","embeddable":true,"href":"https:\/\/de.ambaguinee.org\/index.php?rest_route=%2Fwp%2Fv2%2Fcategories&post=8362"},{"taxonomy":"post_tag","embeddable":true,"href":"https:\/\/de.ambaguinee.org\/index.php?rest_route=%2Fwp%2Fv2%2Ftags&post=8362"}],"curies":[{"name":"wp","href":"https:\/\/api.w.org\/{rel}","templated":true}]}}