{"id":8430,"date":"2021-05-20T23:01:18","date_gmt":"2021-05-20T21:01:18","guid":{"rendered":"https:\/\/de.ambaguinee.org\/?p=8430"},"modified":"2021-05-20T23:01:18","modified_gmt":"2021-05-20T21:01:18","slug":"universite-de-sonfonia-a-un-nouveau-secretaire-general","status":"publish","type":"post","link":"https:\/\/de.ambaguinee.org\/?p=8430","title":{"rendered":"Universit\u00e9 de Sonfonia a un nouveau secr\u00e9taire g\u00e9n\u00e9ral"},"content":{"rendered":"<div>\n<p>Dans un d\u00e9cret lu jeudi 20 mai \u00e0 la t\u00e9l\u00e9vision nationale, le Pr\u00e9sident Alpha Cond\u00e9 a proc\u00e9d\u00e9 \u00e0 la nomination du nouveau Secr\u00e9taire G\u00e9n\u00e9ral de l\u2019Universit\u00e9 G\u00e9n\u00e9ral Lansana Cont\u00e9 de Sonfonia. Il s\u2019agit de Sory Sidib\u00e9, pr\u00e9c\u00e9demment Directeur charg\u00e9 des relations ext\u00e9rieures \u00e0 ladite Universit\u00e9. Il remplace \u00e0 ce poste Monsieur Mohamed Campell Camara.<br \/><strong>Macir\u00e9 Camara<\/strong><\/p>\n<p>L\u2019article <a rel=\"nofollow\" href=\"https:\/\/mediaguinee.org\/universite-de-sonfonia-a-un-nouveau-secretaire-general\/\">Universit\u00e9 de Sonfonia a un nouveau secr\u00e9taire g\u00e9n\u00e9ral<\/a> est apparu en premier sur <a rel=\"nofollow\" href=\"https:\/\/mediaguinee.org\/\">Mediaguinee.org<\/a>.<\/p>\n<\/div>\n","protected":false},"excerpt":{"rendered":"<p>Dans un d\u00e9cret lu jeudi 20 mai \u00e0 la t\u00e9l\u00e9vision nationale, le Pr\u00e9sident Alpha Cond\u00e9 a proc\u00e9d\u00e9 \u00e0 la nomination du nouveau Secr\u00e9taire G\u00e9n\u00e9ral de l\u2019Universit\u00e9 G\u00e9n\u00e9ral Lansana Cont\u00e9 de Sonfonia. Il s\u2019agit de Sory Sidib\u00e9, pr\u00e9c\u00e9demment Directeur charg\u00e9 des relations ext\u00e9rieures \u00e0 ladite Universit\u00e9. Il remplace \u00e0 ce poste Monsieur Mohamed Campell Camara.Macir\u00e9 Camara &hellip;<\/p>\n","protected":false},"author":1,"featured_media":0,"comment_status":"closed","ping_status":"closed","sticky":false,"template":"","format":"standard","meta":{"footnotes":""},"categories":[2],"tags":[23],"_links":{"self":[{"href":"https:\/\/de.ambaguinee.org\/index.php?rest_route=\/wp\/v2\/posts\/8430"}],"collection":[{"href":"https:\/\/de.ambaguinee.org\/index.php?rest_route=\/wp\/v2\/posts"}],"about":[{"href":"https:\/\/de.ambaguinee.org\/index.php?rest_route=\/wp\/v2\/types\/post"}],"author":[{"embeddable":true,"href":"https:\/\/de.ambaguinee.org\/index.php?rest_route=\/wp\/v2\/users\/1"}],"replies":[{"embeddable":true,"href":"https:\/\/de.ambaguinee.org\/index.php?rest_route=%2Fwp%2Fv2%2Fcomments&post=8430"}],"version-history":[{"count":0,"href":"https:\/\/de.ambaguinee.org\/index.php?rest_route=\/wp\/v2\/posts\/8430\/revisions"}],"wp:attachment":[{"href":"https:\/\/de.ambaguinee.org\/index.php?rest_route=%2Fwp%2Fv2%2Fmedia&parent=8430"}],"wp:term":[{"taxonomy":"category","embeddable":true,"href":"https:\/\/de.ambaguinee.org\/index.php?rest_route=%2Fwp%2Fv2%2Fcategories&post=8430"},{"taxonomy":"post_tag","embeddable":true,"href":"https:\/\/de.ambaguinee.org\/index.php?rest_route=%2Fwp%2Fv2%2Ftags&post=8430"}],"curies":[{"name":"wp","href":"https:\/\/api.w.org\/{rel}","templated":true}]}}