{"id":8431,"date":"2021-05-20T23:01:19","date_gmt":"2021-05-20T21:01:19","guid":{"rendered":"https:\/\/de.ambaguinee.org\/?p=8431"},"modified":"2021-05-20T23:01:19","modified_gmt":"2021-05-20T21:01:19","slug":"cour-dappel-fonike-mengue-a-ete-arrete-alors-quil-excitait-la-foule-procureur","status":"publish","type":"post","link":"https:\/\/de.ambaguinee.org\/?p=8431","title":{"rendered":"Cour d\u2019appel\/ Fonik\u00e9 Mengu\u00e8 a \u00e9t\u00e9 arr\u00eat\u00e9 alors qu\u2019il \u00ab excitait la foule \u00bb (Procureur)"},"content":{"rendered":"<div>\n<p>Poursuivi dans les dossiers de \u00ab\u00a0communication et divulgation de fausses informations, de menaces, notamment de violences ou de mort\u00a0\u00bb et de \u00ab\u00a0participation d\u00e9lictueuse \u00e0 un attroupement\u00a0\u00bb, l\u2019activiste Oumar Sylla alias Fonik\u00e9 mangu\u00e8, \u00e9tait devant la cour d\u2019appel ce jeudi.<\/p>\n<p>Alors que les deux affaires \u00e9taient inscrites au r\u00f4le d\u2019audience, c\u2019est la premi\u00e8re qui a \u00e9t\u00e9 discut\u00e9e.<\/p>\n<p>Le procureur Mohamed Kaba a donn\u00e9 les motifs de l\u2019appel relev\u00e9 par le procureur Sidy Souleymane Ndiaye de Dixinn.<\/p>\n<p>Selon lui, le pr\u00e9sident du tribunal de Dixinn, en renvoyant Fonik\u00e9 Mengu\u00e8 \u00e0 des \u00ab\u00a0fins de la poursuite\u00a0\u00bb, le 27 ao\u00fbt 2020, a viol\u00e9 plusieurs dispositions du code p\u00e9nal et de la loi sur la Cybers\u00e9curit\u00e9.<\/p>\n<p>Avant d\u2019estimer que le mot \u00ab\u00a0assaut\u00a0\u00bb utilis\u00e9 par Fonik\u00e9 Mengu\u00e8 sur Facebook est bel et bien de nature \u00e0 faire de l\u2019incitation. Et que le parquet qui est \u00ab\u00a0un et indivisible\u00a0\u00bb soutient que Oumar Sylla a tenu des propos dont il n\u2019a pas les preuves. Ce qui selon lui constitue les faits qui lui sont reproch\u00e9s.<\/p>\n<p>\u00c0 son tour, le parquet a demand\u00e9 le renvoi de cette affaire.<\/p>\n<p>Face \u00e0 cette demande, Me Mohamed Traor\u00e9, l\u2019un des conseils de Fonik\u00e9 Mengu\u00e8, a fait savoir que cette demande s\u2019apparente \u00e0 de la \u00ab\u00a0banalisation de la libert\u00e9 des citoyens\u00a0\u00bb.<\/p>\n<p>Il a demand\u00e9 la mise en libert\u00e9 de son client, parce que, \u00ab\u00a0la d\u00e9tention provisoire n\u2019est plus n\u00e9cessaire\u00a0\u00bb. Il a donn\u00e9 pour preuve, la non virulence de son client\u00a0: \u00ab\u00a0Comme j\u2019ai entendu hier, on le dit, le FNDC est mort. Donc ce monsieur ne repr\u00e9sente aucun danger pour la stabilit\u00e9 du pays, contribuer \u00e0 faire baisser la tension dans le pays.\u00a0\u00bb<\/p>\n<p>Demande que le procureur a trouv\u00e9 \u00ab\u00a0sans objet\u00a0\u00bb. Parce que d\u2019apr\u00e8s lui, Fonik\u00e9 Mangu\u00e8 a \u00e9t\u00e9 relax\u00e9 dans cette affaire et n\u2019est donc pas en d\u00e9tention pour celle-ci. Mais pour la deuxi\u00e8me.<\/p>\n<p>Enfin, le pr\u00e9sident du tribunal, Seydou Keita, a rejet\u00e9 la demande de libert\u00e9 et renvoy\u00e9 l\u2019affaire au 3 juin. Avant de passer \u00e0 la deuxi\u00e8me affaire.<\/p>\n<p>Dans celle-ci, Fonik\u00e9 Mengu\u00e8 avait \u00e9t\u00e9 condamn\u00e9 \u00e0 11 mois d\u2019emprisonnement par le tribunal de Dixinn pour \u00ab\u00a0participation d\u00e9lictueuse \u00e0 un attroupement\u00a0\u00bb.<\/p>\n<p>D\u00e8s l\u2019ouverture, Me Salifou B\u00e9avogui, a rappel\u00e9 les faits qui ont \u00e9t\u00e9 reproch\u00e9s \u00e0 son client. Avant d\u2019affirmer que ce dernier n\u2019a \u00ab\u00a0pas pris part \u00e0 une manifestation et il n\u2019avait pas appris \u00e0 manifester. Pour attroupement, il faut qu\u2019il y ait beaucoup de personnes. Mais il \u00e9tait seul\u00a0\u00bb, a soutenu l\u2019avocat.<\/p>\n<p>Il a soutenu que dans cette affaire, il y a eu la violation de plusieurs articles du code de proc\u00e9dure p\u00e9nale. Donc, il a demand\u00e9 au juge d\u2019infirmier la d\u00e9cision du TPI de Mafanco.<\/p>\n<p>Le procureur a signal\u00e9 que Fonik\u00e9 a \u00ab\u00a0\u00e9t\u00e9 arr\u00eat\u00e9 alors qu\u2019il \u00e9tait sur une moto \u00e0 l\u2019occasion d\u2019une manifestation interdite\u00a0\u00bb. Pour lui, \u00ab\u00a0toute libert\u00e9 est assortie de limitation. L\u2019ordre public m\u00e9rite d\u2019\u00eatre jalousement prot\u00e9g\u00e9\u00a0\u00bb.<\/p>\n<p>Il a consid\u00e9r\u00e9 que la loi a \u00e9t\u00e9 appliqu\u00e9e dans toute sa rigueur. Que Fonik\u00e9 Mengu\u00e8 a \u00e9t\u00e9 arr\u00eat\u00e9 alors qu\u2019il \u00ab\u00a0excitait la foule\u00a0\u00bb.<\/p>\n<p>Ce \u00e0 quoi Me Mohamed Traor\u00e9, a oppos\u00e9 \u00ab\u00a0l\u2019amour de certaines personnes pour Fonik\u00e9 Mengu\u00e8\u00a0\u00bb. Ce qui, selon lui, \u00ab\u00a0n\u2019est pas une mobilisation\u00a0\u00bb.<\/p>\n<p>Pour sa part, le procureur a fait une demande de jonction des deux proc\u00e9dures, signalant qu\u2019il s\u2019agit de la m\u00eame personne. Ce que Me Mohamed Traor\u00e9 trouve \u00ab\u00a0impossible\u00a0\u00bb.<\/p>\n<p>Enfin, le pr\u00e9sident du tribunal a renvoy\u00e9 l\u2019affaire au 3 juin. Tant pour d\u00e9cider sur la demande de jonction de proc\u00e9dure du procureur que sur les r\u00e9quisitions et plaidoiries.<br \/><strong><br \/>\nAbdou Lory Sylla pour\u00a0<a href=\"http:\/\/guinee7.com\/\">guinee7.com<\/a><\/strong><\/p>\n<p>\u00a0<\/p>\n<p>L\u2019article <a rel=\"nofollow\" href=\"https:\/\/www.guinee7.com\/cour-dappel-fonike-mengue-a-ete-arrete-alors-quil-excitait-la-foule-procureur\/\">Cour d\u2019appel\/ Fonik\u00e9 Mengu\u00e8 a \u00e9t\u00e9 arr\u00eat\u00e9 alors qu\u2019il \u00ab excitait la foule \u00bb (Procureur)<\/a> est apparu en premier sur <a rel=\"nofollow\" href=\"https:\/\/www.guinee7.com\/\">Guinee7.com<\/a>.<\/p>\n<\/div>\n","protected":false},"excerpt":{"rendered":"<p>Poursuivi dans les dossiers de \u00ab\u00a0communication et divulgation de fausses informations, de menaces, notamment de violences ou de mort\u00a0\u00bb et de \u00ab\u00a0participation d\u00e9lictueuse \u00e0 un attroupement\u00a0\u00bb, l\u2019activiste Oumar Sylla alias Fonik\u00e9 mangu\u00e8, \u00e9tait devant la cour d\u2019appel ce jeudi. Alors que les deux affaires \u00e9taient inscrites au r\u00f4le d\u2019audience, c\u2019est la premi\u00e8re qui a \u00e9t\u00e9 &hellip;<\/p>\n","protected":false},"author":1,"featured_media":0,"comment_status":"closed","ping_status":"closed","sticky":false,"template":"","format":"standard","meta":{"footnotes":""},"categories":[2],"tags":[22],"_links":{"self":[{"href":"https:\/\/de.ambaguinee.org\/index.php?rest_route=\/wp\/v2\/posts\/8431"}],"collection":[{"href":"https:\/\/de.ambaguinee.org\/index.php?rest_route=\/wp\/v2\/posts"}],"about":[{"href":"https:\/\/de.ambaguinee.org\/index.php?rest_route=\/wp\/v2\/types\/post"}],"author":[{"embeddable":true,"href":"https:\/\/de.ambaguinee.org\/index.php?rest_route=\/wp\/v2\/users\/1"}],"replies":[{"embeddable":true,"href":"https:\/\/de.ambaguinee.org\/index.php?rest_route=%2Fwp%2Fv2%2Fcomments&post=8431"}],"version-history":[{"count":0,"href":"https:\/\/de.ambaguinee.org\/index.php?rest_route=\/wp\/v2\/posts\/8431\/revisions"}],"wp:attachment":[{"href":"https:\/\/de.ambaguinee.org\/index.php?rest_route=%2Fwp%2Fv2%2Fmedia&parent=8431"}],"wp:term":[{"taxonomy":"category","embeddable":true,"href":"https:\/\/de.ambaguinee.org\/index.php?rest_route=%2Fwp%2Fv2%2Fcategories&post=8431"},{"taxonomy":"post_tag","embeddable":true,"href":"https:\/\/de.ambaguinee.org\/index.php?rest_route=%2Fwp%2Fv2%2Ftags&post=8431"}],"curies":[{"name":"wp","href":"https:\/\/api.w.org\/{rel}","templated":true}]}}