{"id":84395,"date":"2025-01-10T23:04:52","date_gmt":"2025-01-10T22:04:52","guid":{"rendered":"https:\/\/de.ambaguinee.org\/?p=84395"},"modified":"2025-01-10T23:04:52","modified_gmt":"2025-01-10T22:04:52","slug":"guinee-importante-annonce-du-matd-en-faveur-des-ong-et-associations","status":"publish","type":"post","link":"https:\/\/de.ambaguinee.org\/?p=84395","title":{"rendered":"Guin\u00e9e. Importante annonce du MATD en faveur des ONG et associations"},"content":{"rendered":"<div>\n<div style=\"margin-bottom:20px;\"><img width=\"700\" height=\"380\"src=\"https:\/\/i0.wp.com\/www.guinee7.com\/wp-content\/uploads\/2024\/10\/MATD.jpg?w=700&amp;ssl=1\" class=\"attachment-post-thumbnail size-post-thumbnail wp-post-image\" alt=\"\" decoding=\"async\" loading=\"lazy\" srcset=\"https:\/\/i0.wp.com\/www.guinee7.com\/wp-content\/uploads\/2024\/10\/MATD.jpg?w=700&amp;ssl=1 700w, https:\/\/i0.wp.com\/www.guinee7.com\/wp-content\/uploads\/2024\/10\/MATD.jpg?resize=300%2C163&amp;ssl=1 300w\" sizes=\"auto, (max-width: 700px) 100vw, 700px\"><\/div>\n<p><span style=\"font-size: 20px;\">Le gouvernement guin\u00e9en \u00e0 travers le minist\u00e8re de l\u2019administration du territoire et de la d\u00e9centralisation (MATD) annonce la lev\u00e9e de la suspension de la d\u00e9livrance des agr\u00e9ments aux ONG et\u00a0 mouvements associatifs. La d\u00e9cision a \u00e9t\u00e9 prise le 9 janvier par le ministre Ibrahima Kalil Cond\u00e9. <\/span><\/p>\n<p><span style=\"font-size: 20px;\">\u00ab\u00a0L\u2019examen des dossiers de demande d\u2019agr\u00e9ment reprend au MATD, dans les r\u00e9gions et dans les pr\u00e9fectures conform\u00e9ment aux dispositions l\u00e9gales et r\u00e9glementaires en vigueur\u00a0\u00bb, peut-on lire.<\/span><\/p>\n<p><img data-recalc-dims=\"1\" loading=\"lazy\" decoding=\"async\" class=\"alignnone wp-image-115127 size-full\"src=\"https:\/\/i0.wp.com\/www.guinee7.com\/wp-content\/uploads\/2025\/01\/IMG-20250110-WA0012.jpg?w=928&amp;ssl=1\" alt=\"\" width=\"928\" height=\"1280\" srcset=\"https:\/\/i0.wp.com\/www.guinee7.com\/wp-content\/uploads\/2025\/01\/IMG-20250110-WA0012.jpg?w=928&amp;ssl=1 928w, https:\/\/i0.wp.com\/www.guinee7.com\/wp-content\/uploads\/2025\/01\/IMG-20250110-WA0012.jpg?resize=218%2C300&amp;ssl=1 218w, https:\/\/i0.wp.com\/www.guinee7.com\/wp-content\/uploads\/2025\/01\/IMG-20250110-WA0012.jpg?resize=742%2C1024&amp;ssl=1 742w, https:\/\/i0.wp.com\/www.guinee7.com\/wp-content\/uploads\/2025\/01\/IMG-20250110-WA0012.jpg?resize=768%2C1059&amp;ssl=1 768w\" sizes=\"auto, (max-width: 928px) 100vw, 928px\"><br \/><img data-recalc-dims=\"1\" loading=\"lazy\" decoding=\"async\" class=\"alignnone wp-image-115128 size-full\"src=\"https:\/\/i0.wp.com\/www.guinee7.com\/wp-content\/uploads\/2025\/01\/IMG-20250110-WA0011.jpg?w=882&amp;ssl=1\" alt=\"\" width=\"882\" height=\"1280\" srcset=\"https:\/\/i0.wp.com\/www.guinee7.com\/wp-content\/uploads\/2025\/01\/IMG-20250110-WA0011.jpg?w=882&amp;ssl=1 882w, https:\/\/i0.wp.com\/www.guinee7.com\/wp-content\/uploads\/2025\/01\/IMG-20250110-WA0011.jpg?resize=207%2C300&amp;ssl=1 207w, https:\/\/i0.wp.com\/www.guinee7.com\/wp-content\/uploads\/2025\/01\/IMG-20250110-WA0011.jpg?resize=706%2C1024&amp;ssl=1 706w, https:\/\/i0.wp.com\/www.guinee7.com\/wp-content\/uploads\/2025\/01\/IMG-20250110-WA0011.jpg?resize=768%2C1115&amp;ssl=1 768w\" sizes=\"auto, (max-width: 882px) 100vw, 882px\"><\/p>\n<p><strong><span style=\"font-size: 20px;\">Bhoye Barry pour guinee7.com<\/span><\/strong><!--\/data\/user\/0\/com.samsung.android.app.notes\/files\/clipdata\/clipdata_bodytext_250110_170321_593.sdocx--><\/p>\n<\/div>\n","protected":false},"excerpt":{"rendered":"<p>Le gouvernement guin\u00e9en \u00e0 travers le minist\u00e8re de l\u2019administration du territoire et de la d\u00e9centralisation (MATD) annonce la lev\u00e9e de la suspension de la d\u00e9livrance des agr\u00e9ments aux ONG et\u00a0 mouvements associatifs. La d\u00e9cision a \u00e9t\u00e9 prise le 9 janvier par le ministre Ibrahima Kalil Cond\u00e9. \u00ab\u00a0L\u2019examen des dossiers de demande d\u2019agr\u00e9ment reprend au MATD, &hellip;<\/p>\n","protected":false},"author":1,"featured_media":0,"comment_status":"closed","ping_status":"closed","sticky":false,"template":"","format":"standard","meta":{"footnotes":""},"categories":[2],"tags":[22],"_links":{"self":[{"href":"https:\/\/de.ambaguinee.org\/index.php?rest_route=\/wp\/v2\/posts\/84395"}],"collection":[{"href":"https:\/\/de.ambaguinee.org\/index.php?rest_route=\/wp\/v2\/posts"}],"about":[{"href":"https:\/\/de.ambaguinee.org\/index.php?rest_route=\/wp\/v2\/types\/post"}],"author":[{"embeddable":true,"href":"https:\/\/de.ambaguinee.org\/index.php?rest_route=\/wp\/v2\/users\/1"}],"replies":[{"embeddable":true,"href":"https:\/\/de.ambaguinee.org\/index.php?rest_route=%2Fwp%2Fv2%2Fcomments&post=84395"}],"version-history":[{"count":0,"href":"https:\/\/de.ambaguinee.org\/index.php?rest_route=\/wp\/v2\/posts\/84395\/revisions"}],"wp:attachment":[{"href":"https:\/\/de.ambaguinee.org\/index.php?rest_route=%2Fwp%2Fv2%2Fmedia&parent=84395"}],"wp:term":[{"taxonomy":"category","embeddable":true,"href":"https:\/\/de.ambaguinee.org\/index.php?rest_route=%2Fwp%2Fv2%2Fcategories&post=84395"},{"taxonomy":"post_tag","embeddable":true,"href":"https:\/\/de.ambaguinee.org\/index.php?rest_route=%2Fwp%2Fv2%2Ftags&post=84395"}],"curies":[{"name":"wp","href":"https:\/\/api.w.org\/{rel}","templated":true}]}}