{"id":85197,"date":"2025-01-23T23:05:00","date_gmt":"2025-01-23T22:05:00","guid":{"rendered":"https:\/\/de.ambaguinee.org\/?p=85197"},"modified":"2025-01-23T23:05:00","modified_gmt":"2025-01-23T22:05:00","slug":"conakry-le-comite-du-pppd-tient-sa-premiere-reunion","status":"publish","type":"post","link":"https:\/\/de.ambaguinee.org\/?p=85197","title":{"rendered":"Conakry. Le comit\u00e9 du PPPD tient sa premi\u00e8re r\u00e9union"},"content":{"rendered":"<div>\n<div style=\"margin-bottom:20px;\"><img width=\"1008\" height=\"567\"src=\"https:\/\/i0.wp.com\/www.guinee7.com\/wp-content\/uploads\/2025\/01\/IMG-20250123-WA0002.jpg?w=1008&amp;ssl=1\" class=\"attachment-post-thumbnail size-post-thumbnail wp-post-image\" alt=\"\" decoding=\"async\" loading=\"lazy\" srcset=\"https:\/\/i0.wp.com\/www.guinee7.com\/wp-content\/uploads\/2025\/01\/IMG-20250123-WA0002.jpg?w=1008&amp;ssl=1 1008w, https:\/\/i0.wp.com\/www.guinee7.com\/wp-content\/uploads\/2025\/01\/IMG-20250123-WA0002.jpg?resize=300%2C169&amp;ssl=1 300w, https:\/\/i0.wp.com\/www.guinee7.com\/wp-content\/uploads\/2025\/01\/IMG-20250123-WA0002.jpg?resize=768%2C432&amp;ssl=1 768w\" sizes=\"auto, (max-width: 1008px) 100vw, 1008px\"><\/div>\n<p><span style=\"font-size: 20px;\">La premi\u00e8re r\u00e9union du comit\u00e9 de pilotage du projet de partenariat public-priv\u00e9 pour le d\u00e9veloppement (PPPD) s\u2019est tenue \u00e0 Conakry ce mercredi 22 janvier 2025.<\/span><\/p>\n<p><span style=\"font-size: 20px;\">Les d\u00e9partements de l\u2019enseignement technique, de l\u2019enseignement sup\u00e9rieur, de l\u2019industrie, des mines et celui de la coop\u00e9ration internationale \u00e9taient face \u00e0 leurs partenaires du groupe Alteo smart et l\u2019organisation des Nations-Unies pour le d\u00e9veloppement industriel (ONUDI).<\/span><\/p>\n<p><span style=\"font-size: 20px;\">\u00ab l\u2019objectif de cette session est d\u2019\u00e9valuer les avanc\u00e9es significatives du projet depuis ao\u00fbt 2024, de valider ensemble le plan de travail annuel 2025 garant de la continuit\u00e9 du travail et de l\u2019impact durable de cette initiative \u00bb, a expliqu\u00e9 Aminata Kaba, ministre de l\u2019enseignement technique et de la formation professionnelle.<\/span><\/p>\n<p><span style=\"font-size: 20px;\">Pour la ministre, ce projet une fois men\u00e9 \u00e0 terme pourra participer au d\u00e9collage du pays. \u00ab Il repr\u00e9sente \u00e9galement la mat\u00e9rialisation de la vision Simandou Academy qui vise \u00e0 investir dans le capital humain pour un renforcement des comp\u00e9tences techniques et professionnelles de notre jeunesse. Ceci favorisera leur comp\u00e9titivit\u00e9 sur le march\u00e9 du travail national et international, et ainsi \u00e9largir les b\u00e9n\u00e9fices de ce projet pour l\u2019\u00e9conomie nationale. Par ailleurs, il faut noter que la cr\u00e9ation de l\u2019\u00e9cole de formation au m\u00e9tier de l\u2019alumine de Guin\u00e9e, en abr\u00e9g\u00e9 EFAG, est un exemple concret de la volont\u00e9 de b\u00e2tir des fili\u00e8res d\u2019excellence et comp\u00e9titives en parfaite ad\u00e9quation avec les exigences du march\u00e9 du travail pour favoriser des emplois d\u00e9cents \u00e0 notre jeunesse \u00bb, a-t-elle indiqu\u00e9. <\/span><\/p>\n<p><span style=\"font-size: 20px;\">Le pr\u00e9sident du groupe Alteo, Alain Moscatello, charg\u00e9 de la mise en \u0153uvre du projet, a d\u00e9voil\u00e9 leurs ambitions : \u00ab Nous sommes ravis d\u2019avoir annonc\u00e9 ce matin qu\u2019on a engag\u00e9 nos deux premiers collaborateurs form\u00e9s, sortis de cette masterclass. Et la formation en elle-m\u00eame, parce qu\u2019on a besoin d\u2019\u00e0 peu pr\u00e8s 800 personnes pour travailler dans cette raffinerie. Le gros de la formation va commencer \u00e0 la rentr\u00e9e prochaine, certainement. On va tout faire pour aller le plus vite possible, car le projet doit aller vite et nous devons rapidement sortir de terre cette raffinerie.\u00bb<\/span><\/p>\n<p><span style=\"font-size: 20px;\">Au nom de l\u2019ONUDI, Ansoumane B\u00e9r\u00e9t\u00e9 s\u2019est engag\u00e9 \u00e0 accompagner ce projet structurant. \u00ab L\u2019ONUDI est ici pour apporter son expertise technique. L\u2019ONUDI place la p\u00e9rennit\u00e9 au c\u0153ur de nos pr\u00e9occupations pour garantir un impact durable sur le secteur industriel du pays. L\u2019ONUDI travaillera main dans la main avec les minist\u00e8res impliqu\u00e9s pour que nos jeunes puissent acc\u00e9der \u00e0 une formation professionnelle, technique et sup\u00e9rieure de qualit\u00e9 dans les fili\u00e8res porteuses \u00bb, a-t-il promis.<\/span><\/p>\n<p><span style=\"font-size: 20px;\">Pr\u00e9sents \u00e0 cette rencontre, le ministre des mines et de la g\u00e9ologie, Bouna Sylla, et celui du plan et de la coop\u00e9ration internationale, Isma\u00ebl Nab\u00e9, ont ensemble magnifi\u00e9 le travail \u00abremarquable\u00bb de leur coll\u00e8gue, Aminata Kaba, et souhait\u00e9 que les travaux qui profilent \u00e0 l\u2019horizon se concr\u00e9tisent rapidement pour le bien-\u00eatre des populations guin\u00e9ennes.<\/span><\/p>\n<p><span style=\"font-size: 20px;\">Dr Facinet Cont\u00e9, secr\u00e9taire g\u00e9n\u00e9ral du minist\u00e8re de l\u2019enseignement sup\u00e9rieur, a avou\u00e9 ses sentiments : \u00ab \u00e0 l\u2019issue des travaux de cette session du Comit\u00e9 de Pilotage, nous saluons, non sans satisfaction, la qualit\u00e9 des d\u00e9bats et des orientations des parties prenantes, et nous tenons vigoureusement \u00e0 f\u00e9liciter nos partenaires, que sont le groupe ALTEO et l\u2019ONUDI, pour leur soutien inestimable et toute expertise dans la conduite des activit\u00e9s de ce projet.\u00bb<\/span><\/p>\n<p><img data-recalc-dims=\"1\" loading=\"lazy\" decoding=\"async\" class=\"alignnone wp-image-115403 size-full\"src=\"https:\/\/i0.wp.com\/www.guinee7.com\/wp-content\/uploads\/2025\/01\/IMG-20250123-WA0003-1.jpg?w=1008&amp;ssl=1\" alt=\"\" width=\"1008\" height=\"567\" srcset=\"https:\/\/i0.wp.com\/www.guinee7.com\/wp-content\/uploads\/2025\/01\/IMG-20250123-WA0003-1.jpg?w=1008&amp;ssl=1 1008w, https:\/\/i0.wp.com\/www.guinee7.com\/wp-content\/uploads\/2025\/01\/IMG-20250123-WA0003-1.jpg?resize=300%2C169&amp;ssl=1 300w, https:\/\/i0.wp.com\/www.guinee7.com\/wp-content\/uploads\/2025\/01\/IMG-20250123-WA0003-1.jpg?resize=768%2C432&amp;ssl=1 768w\" sizes=\"auto, (max-width: 1008px) 100vw, 1008px\"><\/p>\n<p><span style=\"font-size: 20px;\">Une remise de satisfecits aux laur\u00e9ats de la formation offerte par Alteo a \u00e9t\u00e9 faite lors de la reunion. <\/span><\/p>\n<p><strong><span style=\"font-size: 20px;\">Abdoul Lory Sylla pour guinee7.com<\/span><\/strong><!--\/data\/user\/0\/com.samsung.android.app.notes\/files\/clipdata\/clipdata_bodytext_250123_104859_379.sdocx--><\/p>\n<\/div>\n","protected":false},"excerpt":{"rendered":"<p>La premi\u00e8re r\u00e9union du comit\u00e9 de pilotage du projet de partenariat public-priv\u00e9 pour le d\u00e9veloppement (PPPD) s\u2019est tenue \u00e0 Conakry ce mercredi 22 janvier 2025. Les d\u00e9partements de l\u2019enseignement technique, de l\u2019enseignement sup\u00e9rieur, de l\u2019industrie, des mines et celui de la coop\u00e9ration internationale \u00e9taient face \u00e0 leurs partenaires du groupe Alteo smart et l\u2019organisation des &hellip;<\/p>\n","protected":false},"author":1,"featured_media":0,"comment_status":"closed","ping_status":"closed","sticky":false,"template":"","format":"standard","meta":{"footnotes":""},"categories":[2],"tags":[22],"_links":{"self":[{"href":"https:\/\/de.ambaguinee.org\/index.php?rest_route=\/wp\/v2\/posts\/85197"}],"collection":[{"href":"https:\/\/de.ambaguinee.org\/index.php?rest_route=\/wp\/v2\/posts"}],"about":[{"href":"https:\/\/de.ambaguinee.org\/index.php?rest_route=\/wp\/v2\/types\/post"}],"author":[{"embeddable":true,"href":"https:\/\/de.ambaguinee.org\/index.php?rest_route=\/wp\/v2\/users\/1"}],"replies":[{"embeddable":true,"href":"https:\/\/de.ambaguinee.org\/index.php?rest_route=%2Fwp%2Fv2%2Fcomments&post=85197"}],"version-history":[{"count":0,"href":"https:\/\/de.ambaguinee.org\/index.php?rest_route=\/wp\/v2\/posts\/85197\/revisions"}],"wp:attachment":[{"href":"https:\/\/de.ambaguinee.org\/index.php?rest_route=%2Fwp%2Fv2%2Fmedia&parent=85197"}],"wp:term":[{"taxonomy":"category","embeddable":true,"href":"https:\/\/de.ambaguinee.org\/index.php?rest_route=%2Fwp%2Fv2%2Fcategories&post=85197"},{"taxonomy":"post_tag","embeddable":true,"href":"https:\/\/de.ambaguinee.org\/index.php?rest_route=%2Fwp%2Fv2%2Ftags&post=85197"}],"curies":[{"name":"wp","href":"https:\/\/api.w.org\/{rel}","templated":true}]}}