{"id":85245,"date":"2025-01-24T18:24:03","date_gmt":"2025-01-24T17:24:03","guid":{"rendered":"https:\/\/de.ambaguinee.org\/?p=85245"},"modified":"2025-01-24T18:24:04","modified_gmt":"2025-01-24T17:24:04","slug":"rencontre-diplomatique-entre-les-ambassadeurs-de-guinee-et-de-cote-divoire-en-allemagne","status":"publish","type":"post","link":"https:\/\/de.ambaguinee.org\/?p=85245","title":{"rendered":"Rencontre Diplomatique entre les Ambassadeurs de Guin\u00e9e et de C\u00f4te d&#8217;Ivoire en Allemagne."},"content":{"rendered":"\n<p>Le 22 janvier 2024, SEM Aliou BARRY, Ambassadeur extraordinaire et pl\u00e9nipotentiaire de la R\u00e9publique de Guin\u00e9e pr\u00e8s la R\u00e9publique F\u00e9d\u00e9rale d&#8217;Allemagne, a re\u00e7u \u00e0 son bureau SEM. Abdallah Azize DIABATE Ambassadeur Extraordinaire et Pl\u00e9nipotentiaire de la R\u00e9publique de C\u00f4te d&#8217;Ivoire en R\u00e9publique f\u00e9d\u00e9rale d\u2019Allemagne.<\/p>\n\n\n\n<p>Les \u00e9changes entre les deux diplomates ont port\u00e9 sur le renforcement des <a><\/a>relations bilat\u00e9rales entre la Guin\u00e9e et la C\u00f4te- D\u2019Ivoire.<\/p>\n\n\n\n<figure class=\"wp-block-image size-large\"><img loading=\"lazy\" decoding=\"async\" width=\"1024\" height=\"853\" src=\"https:\/\/de.ambaguinee.org\/wp-content\/uploads\/2025\/01\/IMG-20250124-WA0008-1024x853.jpg\" alt=\"\" class=\"wp-image-85246\" srcset=\"https:\/\/de.ambaguinee.org\/wp-content\/uploads\/2025\/01\/IMG-20250124-WA0008-1024x853.jpg 1024w, https:\/\/de.ambaguinee.org\/wp-content\/uploads\/2025\/01\/IMG-20250124-WA0008-300x250.jpg 300w, https:\/\/de.ambaguinee.org\/wp-content\/uploads\/2025\/01\/IMG-20250124-WA0008-768x640.jpg 768w, https:\/\/de.ambaguinee.org\/wp-content\/uploads\/2025\/01\/IMG-20250124-WA0008-1536x1280.jpg 1536w, https:\/\/de.ambaguinee.org\/wp-content\/uploads\/2025\/01\/IMG-20250124-WA0008.jpg 1800w\" sizes=\"(max-width: 1024px) 100vw, 1024px\" \/><\/figure>\n","protected":false},"excerpt":{"rendered":"<p>Le 22 janvier 2024, SEM Aliou BARRY, Ambassadeur extraordinaire et pl\u00e9nipotentiaire de la R\u00e9publique de Guin\u00e9e pr\u00e8s la R\u00e9publique F\u00e9d\u00e9rale d&#8217;Allemagne, a re\u00e7u \u00e0 son bureau SEM. Abdallah Azize DIABATE Ambassadeur Extraordinaire et Pl\u00e9nipotentiaire de la R\u00e9publique de C\u00f4te d&#8217;Ivoire en R\u00e9publique f\u00e9d\u00e9rale d\u2019Allemagne. Les \u00e9changes entre les deux diplomates ont port\u00e9 sur le renforcement &hellip;<\/p>\n","protected":false},"author":6,"featured_media":0,"comment_status":"closed","ping_status":"closed","sticky":false,"template":"","format":"standard","meta":{"footnotes":""},"categories":[2,51,19],"tags":[],"_links":{"self":[{"href":"https:\/\/de.ambaguinee.org\/index.php?rest_route=\/wp\/v2\/posts\/85245"}],"collection":[{"href":"https:\/\/de.ambaguinee.org\/index.php?rest_route=\/wp\/v2\/posts"}],"about":[{"href":"https:\/\/de.ambaguinee.org\/index.php?rest_route=\/wp\/v2\/types\/post"}],"author":[{"embeddable":true,"href":"https:\/\/de.ambaguinee.org\/index.php?rest_route=\/wp\/v2\/users\/6"}],"replies":[{"embeddable":true,"href":"https:\/\/de.ambaguinee.org\/index.php?rest_route=%2Fwp%2Fv2%2Fcomments&post=85245"}],"version-history":[{"count":1,"href":"https:\/\/de.ambaguinee.org\/index.php?rest_route=\/wp\/v2\/posts\/85245\/revisions"}],"predecessor-version":[{"id":85247,"href":"https:\/\/de.ambaguinee.org\/index.php?rest_route=\/wp\/v2\/posts\/85245\/revisions\/85247"}],"wp:attachment":[{"href":"https:\/\/de.ambaguinee.org\/index.php?rest_route=%2Fwp%2Fv2%2Fmedia&parent=85245"}],"wp:term":[{"taxonomy":"category","embeddable":true,"href":"https:\/\/de.ambaguinee.org\/index.php?rest_route=%2Fwp%2Fv2%2Fcategories&post=85245"},{"taxonomy":"post_tag","embeddable":true,"href":"https:\/\/de.ambaguinee.org\/index.php?rest_route=%2Fwp%2Fv2%2Ftags&post=85245"}],"curies":[{"name":"wp","href":"https:\/\/api.w.org\/{rel}","templated":true}]}}