{"id":8548,"date":"2021-05-22T23:01:11","date_gmt":"2021-05-22T21:01:11","guid":{"rendered":"https:\/\/de.ambaguinee.org\/?p=8548"},"modified":"2021-05-22T23:01:11","modified_gmt":"2021-05-22T21:01:11","slug":"identification-unique-des-animateurs-pour-les-sensibilisations-et-de-communication-formes-a-conakry","status":"publish","type":"post","link":"https:\/\/de.ambaguinee.org\/?p=8548","title":{"rendered":"Identification unique : des animateurs pour les sensibilisations et de communication form\u00e9s, \u00e0 Conakry"},"content":{"rendered":"<div>\n<p>D\u00e9marr\u00e9e le vendredi dernier, la formation des animateurs pour les campagnes de sensibilisations et de communication dans les localit\u00e9s pilotes du programme d\u2019identification unique pour l\u2019int\u00e9gration r\u00e9gionale et l\u2019inclusion (WURI) a pris fin ce samedi 22 mai 2021 \u00e0 Conakry.<\/p>\n<p>Cette formation qui \u00a0est ex\u00e9cut\u00e9e par l\u2019ONG GAPAF, est \u00a0l\u2019un des volets du contrat qui existe entre ladite ONG et la coordination du projet WURI. Et c\u2019est le coordinateur national dudit projet (WURI Guin\u00e9e), Ibrahima Sory Keita qui a pr\u00e9sid\u00e9 les travaux de cl\u00f4ture de la dite formation.<\/p>\n<p>Pour Mohamed Djiba Fofana, pr\u00e9sident de l\u2019ONG Groupe d\u2019Actions pour l\u2019Alphab\u00e9tisation et la Formation (GAPAF), le projet WURI Guin\u00e9e\u00a0 concerne tous les Guin\u00e9ens sans aucune exception. <em>\u00ab\u00a0Le projet, pour plus de visibilit\u00e9 sur le terrain, a besoin d\u2019une structure encore parall\u00e8le qui doit aller \u00e0 l\u2019int\u00e9rieur pour communiquer avec la population \u00e0 la base pour que les gens comprennent le projet WURI et que les gens puissent adh\u00e9rer audit projet\u00a0\u00bb,<\/em> pr\u00e9cise-t-il.<\/p>\n<figure class=\"wp-block-image size-large\"><img loading=\"lazy\" width=\"960\" height=\"454\"src=\"https:\/\/de.ambaguinee.org\/wp-content\/uploads\/2021\/05\/187433490_1084194235441929_8750640034045745629_n.jpg\" alt=\"\" class=\"wp-image-154805\" srcset=\"https:\/\/de.ambaguinee.org\/wp-content\/uploads\/2021\/05\/187433490_1084194235441929_8750640034045745629_n.jpg 960w, https:\/\/mediaguinee.org\/wp-content\/uploads\/2021\/05\/187433490_1084194235441929_8750640034045745629_n-300x142.jpg 300w, https:\/\/mediaguinee.org\/wp-content\/uploads\/2021\/05\/187433490_1084194235441929_8750640034045745629_n-768x363.jpg 768w\" sizes=\"(max-width: 960px) 100vw, 960px\"><\/figure>\n<p>Poursuivant, il dira qu\u2019une \u00e9quipe du projet est \u00e0 l\u2019instant sur le terrain dans certaines pr\u00e9fectures en vue de faire comprendre aux autorit\u00e9s administratives et locales qu\u2019une ONG doit venir dans le cadre de ce projet.<\/p>\n<p><em>\u00ab\u00a0Notre mission est tr\u00e8s claire. C\u2019est pour aller voir nos Papas, nos Mamans, nos fr\u00e8res et nos S\u0153urs \u00e0 la base pour leur dire qu\u2019il y a maintenant un projet qui va s\u2019occuper d\u2019identifier tous les Guin\u00e9ens en leur attribuant un num\u00e9ro unique. Et ce num\u00e9ro unique va \u00eatre r\u00e9ellement un outil important devant disposer tous les Guin\u00e9ens pour acc\u00e9der aux diff\u00e9rents services sociaux de base\u2026\u00a0\u00bb<\/em><\/p>\n<p>Selon Mariame Kant\u00e9, animatrice du projet WURI et participante, cette formation qui a port\u00e9 sur plusieurs th\u00e9matiques a permis aux participants d\u2019\u00eatre mieux outill\u00e9s pour mener \u00e0 bien leur mission qui sera bient\u00f4t effective sur le terrain.<\/p>\n<figure class=\"wp-block-image size-large\"><img loading=\"lazy\" width=\"960\" height=\"454\"src=\"https:\/\/de.ambaguinee.org\/wp-content\/uploads\/2021\/05\/187561698_276414717500683_7144794810295529879_n.jpg\" alt=\"\" class=\"wp-image-154806\" srcset=\"https:\/\/de.ambaguinee.org\/wp-content\/uploads\/2021\/05\/187561698_276414717500683_7144794810295529879_n.jpg 960w, https:\/\/mediaguinee.org\/wp-content\/uploads\/2021\/05\/187561698_276414717500683_7144794810295529879_n-300x142.jpg 300w, https:\/\/mediaguinee.org\/wp-content\/uploads\/2021\/05\/187561698_276414717500683_7144794810295529879_n-768x363.jpg 768w\" sizes=\"(max-width: 960px) 100vw, 960px\"><\/figure>\n<p><em>\u00ab\u00a0Durant deux jours, nous avons suivi un atelier pour nous outiller lorsque nous serons sur le terrain pour sensibiliser nos concitoyens de l\u2019utilit\u00e9 de cet enr\u00f4lement biom\u00e9trique. Nous savons qu\u2019il y a eu plusieurs types d\u2019enr\u00f4lement, mais celui-l\u00e0, c\u2019est la particularit\u00e9. Etant bien form\u00e9s, nous promettons que nous ferons tout pour sensibiliser les Guin\u00e9ens afin que les nombreux objectifs du projet soient atteints\u00a0\u00bb, <\/em>dira-t-elle entre autres.<\/p>\n<figure class=\"wp-block-image size-large\"><img loading=\"lazy\" width=\"960\" height=\"454\"src=\"https:\/\/de.ambaguinee.org\/wp-content\/uploads\/2021\/05\/186526974_1954461901361018_6221700610035060436_n.jpg\" alt=\"\" class=\"wp-image-154807\" srcset=\"https:\/\/de.ambaguinee.org\/wp-content\/uploads\/2021\/05\/186526974_1954461901361018_6221700610035060436_n.jpg 960w, https:\/\/mediaguinee.org\/wp-content\/uploads\/2021\/05\/186526974_1954461901361018_6221700610035060436_n-300x142.jpg 300w, https:\/\/mediaguinee.org\/wp-content\/uploads\/2021\/05\/186526974_1954461901361018_6221700610035060436_n-768x363.jpg 768w\" sizes=\"(max-width: 960px) 100vw, 960px\"><\/figure>\n<p>Prenant la parole, le coordinateur national de WURI Guin\u00e9e n\u2019a pas cach\u00e9 sa joie. <em>\u00ab\u00a0Je suis tr\u00e8s heureux de voir comment \u00e9volue la formation des agents de sensibilisation. Parce que c\u2019est un projet qui a pour sp\u00e9cificit\u00e9 de toucher directement les citoyens. La biom\u00e9trie, comme son nom l\u2019indique, est li\u00e9e aux caract\u00e8res biologiques des individus. C\u2019est quelque chose qui ne pas se d\u00e9l\u00e9guer, il faut aller vers chaque individu et prendre ses caract\u00e9ristiques biologiques (\u2026) Donc il important qu\u2019il est de la sensibilisation, qu\u2019il y a des agents qui aillent vers toutes les couches sociales pour leur expliquer les objectifs de ce programme et expliquer aux citoyens que c\u2019est un projet qui est fait pour eux, pour augmenter leur niveau de participation \u00e0 la vie nationale.\u00a0\u00bb<\/em><\/p>\n<p><strong>Youssouf Keita<\/strong><\/p>\n<p>L\u2019article <a rel=\"nofollow\" href=\"https:\/\/mediaguinee.org\/identification-unique-des-animateurs-pour-les-sensibilisations-et-de-communication-formes-a-conakry\/\">Identification unique : des animateurs pour les sensibilisations et de communication form\u00e9s, \u00e0 Conakry<\/a> est apparu en premier sur <a rel=\"nofollow\" href=\"https:\/\/mediaguinee.org\/\">Mediaguinee.org<\/a>.<\/p>\n<\/div>\n","protected":false},"excerpt":{"rendered":"<p>D\u00e9marr\u00e9e le vendredi dernier, la formation des animateurs pour les campagnes de sensibilisations et de communication dans les localit\u00e9s pilotes du programme d\u2019identification unique pour l\u2019int\u00e9gration r\u00e9gionale et l\u2019inclusion (WURI) a pris fin ce samedi 22 mai 2021 \u00e0 Conakry. Cette formation qui \u00a0est ex\u00e9cut\u00e9e par l\u2019ONG GAPAF, est \u00a0l\u2019un des volets du contrat qui &hellip;<\/p>\n","protected":false},"author":1,"featured_media":0,"comment_status":"closed","ping_status":"closed","sticky":false,"template":"","format":"standard","meta":{"footnotes":""},"categories":[2],"tags":[23],"_links":{"self":[{"href":"https:\/\/de.ambaguinee.org\/index.php?rest_route=\/wp\/v2\/posts\/8548"}],"collection":[{"href":"https:\/\/de.ambaguinee.org\/index.php?rest_route=\/wp\/v2\/posts"}],"about":[{"href":"https:\/\/de.ambaguinee.org\/index.php?rest_route=\/wp\/v2\/types\/post"}],"author":[{"embeddable":true,"href":"https:\/\/de.ambaguinee.org\/index.php?rest_route=\/wp\/v2\/users\/1"}],"replies":[{"embeddable":true,"href":"https:\/\/de.ambaguinee.org\/index.php?rest_route=%2Fwp%2Fv2%2Fcomments&post=8548"}],"version-history":[{"count":0,"href":"https:\/\/de.ambaguinee.org\/index.php?rest_route=\/wp\/v2\/posts\/8548\/revisions"}],"wp:attachment":[{"href":"https:\/\/de.ambaguinee.org\/index.php?rest_route=%2Fwp%2Fv2%2Fmedia&parent=8548"}],"wp:term":[{"taxonomy":"category","embeddable":true,"href":"https:\/\/de.ambaguinee.org\/index.php?rest_route=%2Fwp%2Fv2%2Fcategories&post=8548"},{"taxonomy":"post_tag","embeddable":true,"href":"https:\/\/de.ambaguinee.org\/index.php?rest_route=%2Fwp%2Fv2%2Ftags&post=8548"}],"curies":[{"name":"wp","href":"https:\/\/api.w.org\/{rel}","templated":true}]}}