{"id":85847,"date":"2025-02-03T23:07:09","date_gmt":"2025-02-03T22:07:09","guid":{"rendered":"https:\/\/de.ambaguinee.org\/?p=85847"},"modified":"2025-02-03T23:07:09","modified_gmt":"2025-02-03T22:07:09","slug":"transfert-mohamed-bayo-quitte-lille-pour-un-pret-en-belgique","status":"publish","type":"post","link":"https:\/\/de.ambaguinee.org\/?p=85847","title":{"rendered":"Transfert : Mohamed Bayo quitte Lille pour un pr\u00eat en Belgique"},"content":{"rendered":"<div>\n<p><strong>ANTWERP- Moins utilis\u00e9 cette saison par son entra\u00eeneur \u00e0 Lille, Mohamed Bayo est oblig\u00e9 de plier bagages pour trouver du temps de jeu ailleurs. C\u2019est dans cette perspective qu\u2019il vient d\u2019\u00eatre pr\u00eat\u00e9 au Royal Antwerp, \u00e9quipe \u00e9voluant en premi\u00e8re division Belge<\/strong>.<\/p>\n<p>Lille et le club belge ont trouv\u00e9 un accord pour un pr\u00eat sans option d\u2019achat jusqu\u2019\u00e0 la fin de cette saison sportive 2024-2025. Devanc\u00e9 par Jonathan David dans la hi\u00e9rarchie des offensifs du LOSC, Mohamed Bayo n\u2019est apparu qu\u2019\u00e0 17 reprises cette saison (466 minutes, 2 buts, 2 passes d\u00e9cisives) toutes comp\u00e9titions confondues avec Lille.<\/p>\n<figure class=\"wp-block-embed is-type-rich is-provider-twitter wp-block-embed-twitter\">\n<div class=\"wp-block-embed__wrapper\">\n<blockquote class=\"twitter-tweet\" data-width=\"550\" data-dnt=\"true\">\n<p lang=\"nl\" dir=\"ltr\">Mohamed Bayo (26) speelt tot het einde van dit seizoen voor RAFC. De centrumspits wordt gehuurd van het Franse LOSC Lille, zonder aankoopoptie. <imgsrc=\"\" alt=\"\u270d\" class=\"wp-smiley\" style=\"height: 1em; max-height: 1em;\"><imgsrc=\"\" alt=\"\ud83d\udd34\" class=\"wp-smiley\" style=\"height: 1em; max-height: 1em;\"><imgsrc=\"\" alt=\"\u26aa\" class=\"wp-smiley\" style=\"height: 1em; max-height: 1em;\"><\/p>\n<p>Bayo is aan zijn derde seizoen bezig bij de Noord-Franse club en werd eerder al eens uitgeleend, aan Le Havre. In 47 matchen\u2026 <a href=\"https:\/\/t.co\/eBoI3sTfGo\">pic.twitter.com\/eBoI3sTfGo<\/a><\/p>\n<p>\u2014 Royal Antwerp FC (@official_rafc) <a href=\"https:\/\/twitter.com\/official_rafc\/status\/1886392124687425730?ref_src=twsrc%5Etfw\">February 3, 2025<\/a><\/p><\/blockquote>\n<p><script async src=\"https:\/\/platform.twitter.com\/widgets.js\" charset=\"utf-8\"><\/script><\/div>\n<\/figure>\n<\/div>\n","protected":false},"excerpt":{"rendered":"<p>ANTWERP- Moins utilis\u00e9 cette saison par son entra\u00eeneur \u00e0 Lille, Mohamed Bayo est oblig\u00e9 de plier bagages pour trouver du temps de jeu ailleurs. C\u2019est dans cette perspective qu\u2019il vient d\u2019\u00eatre pr\u00eat\u00e9 au Royal Antwerp, \u00e9quipe \u00e9voluant en premi\u00e8re division Belge. Lille et le club belge ont trouv\u00e9 un accord pour un pr\u00eat sans option &hellip;<\/p>\n","protected":false},"author":1,"featured_media":0,"comment_status":"closed","ping_status":"closed","sticky":false,"template":"","format":"standard","meta":{"footnotes":""},"categories":[4],"tags":[],"_links":{"self":[{"href":"https:\/\/de.ambaguinee.org\/index.php?rest_route=\/wp\/v2\/posts\/85847"}],"collection":[{"href":"https:\/\/de.ambaguinee.org\/index.php?rest_route=\/wp\/v2\/posts"}],"about":[{"href":"https:\/\/de.ambaguinee.org\/index.php?rest_route=\/wp\/v2\/types\/post"}],"author":[{"embeddable":true,"href":"https:\/\/de.ambaguinee.org\/index.php?rest_route=\/wp\/v2\/users\/1"}],"replies":[{"embeddable":true,"href":"https:\/\/de.ambaguinee.org\/index.php?rest_route=%2Fwp%2Fv2%2Fcomments&post=85847"}],"version-history":[{"count":0,"href":"https:\/\/de.ambaguinee.org\/index.php?rest_route=\/wp\/v2\/posts\/85847\/revisions"}],"wp:attachment":[{"href":"https:\/\/de.ambaguinee.org\/index.php?rest_route=%2Fwp%2Fv2%2Fmedia&parent=85847"}],"wp:term":[{"taxonomy":"category","embeddable":true,"href":"https:\/\/de.ambaguinee.org\/index.php?rest_route=%2Fwp%2Fv2%2Fcategories&post=85847"},{"taxonomy":"post_tag","embeddable":true,"href":"https:\/\/de.ambaguinee.org\/index.php?rest_route=%2Fwp%2Fv2%2Ftags&post=85847"}],"curies":[{"name":"wp","href":"https:\/\/api.w.org\/{rel}","templated":true}]}}