{"id":85848,"date":"2025-02-03T23:07:10","date_gmt":"2025-02-03T22:07:10","guid":{"rendered":"https:\/\/de.ambaguinee.org\/?p=85848"},"modified":"2025-02-03T23:07:10","modified_gmt":"2025-02-03T22:07:10","slug":"syli-local-la-feguifoot-ramene-abedy-et-guillaume-soumah-decision","status":"publish","type":"post","link":"https:\/\/de.ambaguinee.org\/?p=85848","title":{"rendered":"Syli Local : la F\u00e9guifoot ram\u00e8ne Abedy et Guillaume Soumah (d\u00e9cision)"},"content":{"rendered":"<div>\n<p><strong>CONAKRY- Dans un communiqu\u00e9 publi\u00e9 sur ses canaux, la f\u00e9d\u00e9ration Guin\u00e9enne de Football fait machine arri\u00e8re et annonce le retour du s\u00e9lectionneur du Syli Local Souleymane Camara Abedy et de son adjoint Guillaume Soumah. Ces derniers avaient \u00e9t\u00e9 \u00e9cart\u00e9s apr\u00e8s la qualification de l\u2019\u00e9quipe, pour dit-on, faute de Licence A CAF. <\/strong><\/p>\n<p>La F\u00e9guifoot avait justifi\u00e9 cette d\u00e9cision par un courrier qu\u2019elle aurait re\u00e7ue de la CAF, qui aurait intim\u00e9 \u00e0 toutes les \u00e9quipes qualifi\u00e9es pour le CHAN de disposer d\u2019une Licence A pour les s\u00e9lectionneurs. Finalement, l\u2019instance dirigeante du football guin\u00e9en annonce qu\u2019elle a \u00e9chang\u00e9 avec la CAF, qui accepte le retour des concern\u00e9s, qui vont tout de m\u00eame suivre des cours pour d\u00e9crocher le pr\u00e9cieux s\u00e9same. Cette d\u00e9cision a \u00e9t\u00e9 prise apr\u00e8s une r\u00e9union des membres du comex la semaine derni\u00e8re. <\/p>\n<p>La Guin\u00e9e sera donc bien dirig\u00e9e par Souleymane Camara au prochain CHAN pr\u00e9vu en ao\u00fbt prochain dans les trois pays \u00e0 savoir la Tanzanie, l\u2019Ouganda et le Kenya. Le CHAN \u00e9quivaut \u00e0 la coupe d\u2019Afrique pour les joueurs \u00e9voluant dans les championnnats domestiques des pays du continent Africain.<\/p>\n<p><strong>CI-DESSOUS, LE COMMUNIQU\u00c9 DE LA FEGUIFOOT <\/strong><\/p>\n<figure class=\"wp-block-embed is-type-rich is-provider-twitter wp-block-embed-twitter\">\n<div class=\"wp-block-embed__wrapper\">\n<blockquote class=\"twitter-tweet\" data-width=\"550\" data-dnt=\"true\">\n<p lang=\"fr\" dir=\"ltr\">Communiqu\u00e9 relatif au Syli National local<a href=\"https:\/\/twitter.com\/hashtag\/FGF?src=hash&amp;ref_src=twsrc%5Etfw\">#FGF<\/a> | <a href=\"https:\/\/t.co\/qOxMhmJ1ml\">https:\/\/t.co\/qOxMhmJ1ml<\/a><\/p>\n<p>&mdash; F\u00e9d\u00e9ration Guin\u00e9enne de Football (@fgfofficiel) <a href=\"https:\/\/twitter.com\/fgfofficiel\/status\/1886488981220573342?ref_src=twsrc%5Etfw\">February 3, 2025<\/a><\/p><\/blockquote>\n<p><script async src=\"https:\/\/platform.twitter.com\/widgets.js\" charset=\"utf-8\"><\/script>\n<\/div>\n<\/figure>\n<\/div>\n","protected":false},"excerpt":{"rendered":"<p>CONAKRY- Dans un communiqu\u00e9 publi\u00e9 sur ses canaux, la f\u00e9d\u00e9ration Guin\u00e9enne de Football fait machine arri\u00e8re et annonce le retour du s\u00e9lectionneur du Syli Local Souleymane Camara Abedy et de son adjoint Guillaume Soumah. Ces derniers avaient \u00e9t\u00e9 \u00e9cart\u00e9s apr\u00e8s la qualification de l\u2019\u00e9quipe, pour dit-on, faute de Licence A CAF. La F\u00e9guifoot avait justifi\u00e9 &hellip;<\/p>\n","protected":false},"author":1,"featured_media":0,"comment_status":"closed","ping_status":"closed","sticky":false,"template":"","format":"standard","meta":{"footnotes":""},"categories":[4],"tags":[],"_links":{"self":[{"href":"https:\/\/de.ambaguinee.org\/index.php?rest_route=\/wp\/v2\/posts\/85848"}],"collection":[{"href":"https:\/\/de.ambaguinee.org\/index.php?rest_route=\/wp\/v2\/posts"}],"about":[{"href":"https:\/\/de.ambaguinee.org\/index.php?rest_route=\/wp\/v2\/types\/post"}],"author":[{"embeddable":true,"href":"https:\/\/de.ambaguinee.org\/index.php?rest_route=\/wp\/v2\/users\/1"}],"replies":[{"embeddable":true,"href":"https:\/\/de.ambaguinee.org\/index.php?rest_route=%2Fwp%2Fv2%2Fcomments&post=85848"}],"version-history":[{"count":0,"href":"https:\/\/de.ambaguinee.org\/index.php?rest_route=\/wp\/v2\/posts\/85848\/revisions"}],"wp:attachment":[{"href":"https:\/\/de.ambaguinee.org\/index.php?rest_route=%2Fwp%2Fv2%2Fmedia&parent=85848"}],"wp:term":[{"taxonomy":"category","embeddable":true,"href":"https:\/\/de.ambaguinee.org\/index.php?rest_route=%2Fwp%2Fv2%2Fcategories&post=85848"},{"taxonomy":"post_tag","embeddable":true,"href":"https:\/\/de.ambaguinee.org\/index.php?rest_route=%2Fwp%2Fv2%2Ftags&post=85848"}],"curies":[{"name":"wp","href":"https:\/\/api.w.org\/{rel}","templated":true}]}}