{"id":90868,"date":"2025-04-22T20:27:38","date_gmt":"2025-04-22T18:27:38","guid":{"rendered":"https:\/\/de.ambaguinee.org\/?p=90868"},"modified":"2025-04-23T15:08:10","modified_gmt":"2025-04-23T13:08:10","slug":"important-communique-a-lattention-de-nos-compatriotes-relatif-a-la-reception-dun-nouveau-lot-de-370-passeports","status":"publish","type":"post","link":"https:\/\/de.ambaguinee.org\/?p=90868","title":{"rendered":"Coop\u00e9ration R\u00e9publique de Guin\u00e9e- R\u00e9publique de Pologne: renforcement des liens entre Conakry et Varsovie."},"content":{"rendered":"\n<p>Le Ministre du Plan et de la Coop\u00e9ration Internationale, M. Isma\u00ebl Nab\u00e9, a effectu\u00e9 une mission de travail \u00e0 Varsovie, Pologne, du 13 au 14 avril 2025, dans le cadre d&#8217;initiatives visant \u00e0 renforcer les relations bilat\u00e9rales et la coop\u00e9ration entre la R\u00e9publique de Guin\u00e9e et la R\u00e9publique de Pologne.<\/p>\n\n\n\n<p>Une rencontre significative s&#8217;est tenue au Palais Pr\u00e9sidentiel, r\u00e9unissant plusieurs dignitaires, dont M. Wojciech Gerwel, Conseiller du Pr\u00e9sident de la R\u00e9publique de Pologne, en charge des questions \u00e9conomiques et africaines, ainsi que S.E.M. Aliou Barry, Ambassadeur de la R\u00e9publique de Guin\u00e9e en R\u00e9publique F\u00e9d\u00e9rale d&#8217;Allemagne.<\/p>\n\n\n\n<p>Cette r\u00e9union a permis d&#8217;explorer des pistes de collaboration dans divers secteurs, notamment l&#8217;\u00e9conomie, l&#8217;agriculture et la technologie, avec un accent particulier sur les opportunit\u00e9s d&#8217;investissement et de d\u00e9veloppement durable. M. Isma\u00ebl Nab\u00e9 a soulign\u00e9 l&#8217;importance de cr\u00e9er un cadre propice aux \u00e9changes \u00e9conomiques et \u00e0 la coop\u00e9ration technique entre les deux nations.<\/p>\n\n\n\n<p>Les discussions ont \u00e9galement abord\u00e9 la n\u00e9cessit\u00e9 d&#8217;\u00e9quilibrer les relations commerciales et d&#8217;encourager des partenariats mutuellement b\u00e9n\u00e9fiques, favorisant ainsi le d\u00e9veloppement socio-\u00e9conomique de la Guin\u00e9e tout en renfor\u00e7ant la pr\u00e9sence polonaise en Afrique.<\/p>\n\n\n\n<p>Le Ministre a exprim\u00e9 sa gratitude pour l&#8217;accueil chaleureux r\u00e9serv\u00e9 par les autorit\u00e9s polonaises et a r\u00e9affirm\u00e9 l&#8217;engagement de la R\u00e9publique de Guin\u00e9e \u00e0 approfondir les relations d\u2019amiti\u00e9 et de coop\u00e9ration avec la Pologne. Cette rencontre marque une \u00e9tape importante vers un rapprochement renforc\u00e9 entre les deux pays, avec pour objectif de construire un avenir prosp\u00e8re bas\u00e9 sur la solidarit\u00e9 et le d\u00e9veloppement mutuel.<\/p>\n\n\n\n<p>Au cours de son s\u00e9jour, M. Isma\u00ebl Nab\u00e9 continuera \u00e0 explorer d&#8217;autres avenues de coop\u00e9ration, t\u00e9moignant ainsi de la volont\u00e9 de la Guin\u00e9e de s&#8217;ouvrir davantage aux partenariats internationaux.<\/p>\n\n\n\n<figure class=\"wp-block-image size-large\"><img loading=\"lazy\" decoding=\"async\" width=\"1024\" height=\"683\" src=\"https:\/\/de.ambaguinee.org\/wp-content\/uploads\/2025\/04\/PHOTO-2025-04-18-05-59-16-1024x683.jpg\" alt=\"\" class=\"wp-image-90928\" srcset=\"https:\/\/de.ambaguinee.org\/wp-content\/uploads\/2025\/04\/PHOTO-2025-04-18-05-59-16-1024x683.jpg 1024w, https:\/\/de.ambaguinee.org\/wp-content\/uploads\/2025\/04\/PHOTO-2025-04-18-05-59-16-300x200.jpg 300w, https:\/\/de.ambaguinee.org\/wp-content\/uploads\/2025\/04\/PHOTO-2025-04-18-05-59-16-768x512.jpg 768w, https:\/\/de.ambaguinee.org\/wp-content\/uploads\/2025\/04\/PHOTO-2025-04-18-05-59-16-1536x1024.jpg 1536w, https:\/\/de.ambaguinee.org\/wp-content\/uploads\/2025\/04\/PHOTO-2025-04-18-05-59-16.jpg 2048w\" sizes=\"(max-width: 1024px) 100vw, 1024px\" \/><\/figure>\n","protected":false},"excerpt":{"rendered":"<p>Le Ministre du Plan et de la Coop\u00e9ration Internationale, M. Isma\u00ebl Nab\u00e9, a effectu\u00e9 une mission de travail \u00e0 Varsovie, Pologne, du 13 au 14 avril 2025, dans le cadre d&#8217;initiatives visant \u00e0 renforcer les relations bilat\u00e9rales et la coop\u00e9ration entre la R\u00e9publique de Guin\u00e9e et la R\u00e9publique de Pologne. Une rencontre significative s&#8217;est tenue &hellip;<\/p>\n","protected":false},"author":6,"featured_media":0,"comment_status":"closed","ping_status":"closed","sticky":false,"template":"","format":"standard","meta":{"footnotes":""},"categories":[2,19,17],"tags":[],"_links":{"self":[{"href":"https:\/\/de.ambaguinee.org\/index.php?rest_route=\/wp\/v2\/posts\/90868"}],"collection":[{"href":"https:\/\/de.ambaguinee.org\/index.php?rest_route=\/wp\/v2\/posts"}],"about":[{"href":"https:\/\/de.ambaguinee.org\/index.php?rest_route=\/wp\/v2\/types\/post"}],"author":[{"embeddable":true,"href":"https:\/\/de.ambaguinee.org\/index.php?rest_route=\/wp\/v2\/users\/6"}],"replies":[{"embeddable":true,"href":"https:\/\/de.ambaguinee.org\/index.php?rest_route=%2Fwp%2Fv2%2Fcomments&post=90868"}],"version-history":[{"count":2,"href":"https:\/\/de.ambaguinee.org\/index.php?rest_route=\/wp\/v2\/posts\/90868\/revisions"}],"predecessor-version":[{"id":90929,"href":"https:\/\/de.ambaguinee.org\/index.php?rest_route=\/wp\/v2\/posts\/90868\/revisions\/90929"}],"wp:attachment":[{"href":"https:\/\/de.ambaguinee.org\/index.php?rest_route=%2Fwp%2Fv2%2Fmedia&parent=90868"}],"wp:term":[{"taxonomy":"category","embeddable":true,"href":"https:\/\/de.ambaguinee.org\/index.php?rest_route=%2Fwp%2Fv2%2Fcategories&post=90868"},{"taxonomy":"post_tag","embeddable":true,"href":"https:\/\/de.ambaguinee.org\/index.php?rest_route=%2Fwp%2Fv2%2Ftags&post=90868"}],"curies":[{"name":"wp","href":"https:\/\/api.w.org\/{rel}","templated":true}]}}