{"id":9431,"date":"2021-06-06T23:02:45","date_gmt":"2021-06-06T21:02:45","guid":{"rendered":"https:\/\/de.ambaguinee.org\/?p=9431"},"modified":"2021-06-06T23:02:45","modified_gmt":"2021-06-06T21:02:45","slug":"le-test-pcr-ne-sera-plus-necessaire-pour-se-rendre-en-espagne-a-partir-de-lundi","status":"publish","type":"post","link":"https:\/\/de.ambaguinee.org\/?p=9431","title":{"rendered":"Le test PCR ne sera plus n\u00e9cessaire pour se rendre en Espagne \u00e0 partir de lundi"},"content":{"rendered":"<div>\n<p><strong>\u00c0 partir de lundi, les voyageurs pourront se rendre en Espagne sans se soumettre \u00e0 un test PCR obligatoire. Un test antig\u00e9nique n\u00e9gatif, une preuve de vaccination compl\u00e8te ou de gu\u00e9rison du covid-19 suffiront d\u00e9sormais pour entrer dans le pays, a annonc\u00e9 vendredi le minist\u00e8re espagnol de la Sant\u00e9.<\/strong><\/p>\n<p>La ministre de tutelle Carolina Darias a exprim\u00e9 l\u2019espoir que l\u2019Espagne retrouvera bient\u00f4t sa place de leader dans le tourisme international. Selon elle, l\u2019assouplissement des mesures sanitaires est d\u00fb au succ\u00e8s de la campagne de vaccination. \u201cChaque jour, nous faisons un nouveau pas vers la normalisation\u201d, a-t-elle d\u00e9clar\u00e9.<\/p>\n<p>Le Premier ministre Pedro S\u00e1nchez a annonc\u00e9 sur Twitter que dix millions d\u2019Espagnols, sur une population de 47 millions d\u2019habitants, sont enti\u00e8rement vaccin\u00e9s. Jusqu\u2019\u00e0 pr\u00e9sent, 19 millions de personnes ont re\u00e7u au moins une premi\u00e8re injection, \u00e9crit le journal El Pais.<\/p>\n<p>Le nombre de nouvelles infections a fortement diminu\u00e9 au cours des derni\u00e8res semaines. Vendredi, elles \u00e9taient de nouveau \u00e0 moins de 5.000, soit moiti\u00e9 moins qu\u2019\u00e0 la fin avril. Madrid fait n\u00e9anmoins office d\u2019exception, la capitale restant consid\u00e9r\u00e9e comme zone \u00e0 risque au moins jusqu\u2019au 20 juin.\u00a0<\/p>\n<p><strong>Source : Belga<\/strong><\/p>\n<p>L\u2019article <a rel=\"nofollow\" href=\"https:\/\/mediaguinee.org\/le-test-pcr-ne-sera-plus-necessaire-pour-se-rendre-en-espagne-a-partir-de-lundi\/\">Le test PCR ne sera plus n\u00e9cessaire pour se rendre en Espagne \u00e0 partir de lundi<\/a> est apparu en premier sur <a rel=\"nofollow\" href=\"https:\/\/mediaguinee.org\/\">Mediaguinee.org<\/a>.<\/p>\n<\/div>\n","protected":false},"excerpt":{"rendered":"<p>\u00c0 partir de lundi, les voyageurs pourront se rendre en Espagne sans se soumettre \u00e0 un test PCR obligatoire. Un test antig\u00e9nique n\u00e9gatif, une preuve de vaccination compl\u00e8te ou de gu\u00e9rison du covid-19 suffiront d\u00e9sormais pour entrer dans le pays, a annonc\u00e9 vendredi le minist\u00e8re espagnol de la Sant\u00e9. La ministre de tutelle Carolina Darias &hellip;<\/p>\n","protected":false},"author":1,"featured_media":0,"comment_status":"closed","ping_status":"closed","sticky":false,"template":"","format":"standard","meta":{"footnotes":""},"categories":[2],"tags":[23],"_links":{"self":[{"href":"https:\/\/de.ambaguinee.org\/index.php?rest_route=\/wp\/v2\/posts\/9431"}],"collection":[{"href":"https:\/\/de.ambaguinee.org\/index.php?rest_route=\/wp\/v2\/posts"}],"about":[{"href":"https:\/\/de.ambaguinee.org\/index.php?rest_route=\/wp\/v2\/types\/post"}],"author":[{"embeddable":true,"href":"https:\/\/de.ambaguinee.org\/index.php?rest_route=\/wp\/v2\/users\/1"}],"replies":[{"embeddable":true,"href":"https:\/\/de.ambaguinee.org\/index.php?rest_route=%2Fwp%2Fv2%2Fcomments&post=9431"}],"version-history":[{"count":0,"href":"https:\/\/de.ambaguinee.org\/index.php?rest_route=\/wp\/v2\/posts\/9431\/revisions"}],"wp:attachment":[{"href":"https:\/\/de.ambaguinee.org\/index.php?rest_route=%2Fwp%2Fv2%2Fmedia&parent=9431"}],"wp:term":[{"taxonomy":"category","embeddable":true,"href":"https:\/\/de.ambaguinee.org\/index.php?rest_route=%2Fwp%2Fv2%2Fcategories&post=9431"},{"taxonomy":"post_tag","embeddable":true,"href":"https:\/\/de.ambaguinee.org\/index.php?rest_route=%2Fwp%2Fv2%2Ftags&post=9431"}],"curies":[{"name":"wp","href":"https:\/\/api.w.org\/{rel}","templated":true}]}}