{"id":9740,"date":"2021-06-11T23:02:19","date_gmt":"2021-06-11T21:02:19","guid":{"rendered":"https:\/\/de.ambaguinee.org\/?p=9740"},"modified":"2021-06-11T23:02:19","modified_gmt":"2021-06-11T21:02:19","slug":"sidya-toure-la-condamnation-de-fonike-mengue-nest-pas-un-acte-de-justice","status":"publish","type":"post","link":"https:\/\/de.ambaguinee.org\/?p=9740","title":{"rendered":"Sidya Tour\u00e9 : \u00ab La condamnation de Fonik\u00e9 Mengu\u00e8 n\u2019est pas un acte de justice\u2026 \u00bb"},"content":{"rendered":"<div>\n<p>Dans le d\u00e9lib\u00e9r\u00e9 de son proc\u00e8s en appel ce jeudi 10 juin, le juge a retenu 3 ans d\u2019emprisonnement ferme contre l\u2019activiste et membre du FNDC, Oumar Sylla alias Fonik\u00e9 Mengu\u00e8.<\/p>\n<p>Cette condamnation a suscit\u00e9 des r\u00e9actions chez plusieurs hommes politiques du pays, notamment ses compagnons de lutte dans le FNDC. C\u2019est le cas du pr\u00e9sident du parti UFR (Union des Forces R\u00e9publicaines) qui, \u00e0 travers un tweet, a fait savoir que \u00ab\u00a0la condamnation de Fonik\u00e9 Mengu\u00e8 n\u2019est pas un acte de justice mais le simple caprice d\u2019un autocrate qui a d\u00e9cid\u00e9 d\u2019asservir les Guin\u00e9ens \u00e0 d\u00e9faut de les servir. Mais ne dit on pas :\u00a0\u201cquand l\u2019injustice devient loi, la r\u00e9sistance populaire est un devoir\u201d\u00a0\u00bb.<\/p>\n<p>Selon Sidya Tour\u00e9, \u00ab\u00a0la Guin\u00e9e m\u00e9rite mieux\u00a0\u00bb.<\/p>\n<blockquote class=\"twitter-tweet\">\n<p dir=\"ltr\" lang=\"fr\">La condamnation de Fonike Mengue n\u2019est pas un acte de justice mais le simple caprice d\u2019un autocrate qui a d\u00e9cid\u00e9 d\u2019asservir les guin\u00e9ens \u00e0 d\u00e9faut de les servir .Mais ne dit on pas :\u00ab quand l\u2019injustice devient loi, la r\u00e9sistance populaire est un devoir. \u00ab <a href=\"https:\/\/twitter.com\/hashtag\/LaGuineeMeriteMieux?src=hash&amp;ref_src=twsrc%5Etfw\">#LaGuineeMeriteMieux<\/a><\/p>\n<p>\u2014 Sidya Tour\u00e9 (@SidyaToureUFR) <a href=\"https:\/\/twitter.com\/SidyaToureUFR\/status\/1403164198197153794?ref_src=twsrc%5Etfw\">June 11, 2021<\/a><\/p>\n<\/blockquote>\n<p><script async src=\"https:\/\/platform.twitter.com\/widgets.js\" charset=\"utf-8\"><\/script><\/p>\n<p>A rappeler que Fonik\u00e9 Mengu\u00e8 a \u00e9t\u00e9 condamn\u00e9 pour entre autres,\u00a0\u00ab\u00a0communication et divulgation de fausses informations, de menaces, notamment de violences ou de mort, participation d\u00e9lictueuse \u00e0 un attroupement\u00a0\u00bb.<\/p>\n<p>Mohamed Soumah pour Guinee7.com<\/p>\n<p>\u00a0<\/p>\n<p>\u00a0<\/p>\n<p>L\u2019article <a rel=\"nofollow\" href=\"https:\/\/www.guinee7.com\/sidya-toure-la-condamnation-de-fonike-mengue-nest-pas-un-acte-de-justice\/\">Sidya Tour\u00e9 : \u00ab La condamnation de Fonik\u00e9 Mengu\u00e8 n\u2019est pas un acte de justice\u2026 \u00bb<\/a> est apparu en premier sur <a rel=\"nofollow\" href=\"https:\/\/www.guinee7.com\/\">Guinee7.com<\/a>.<\/p>\n<\/div>\n","protected":false},"excerpt":{"rendered":"<p>Dans le d\u00e9lib\u00e9r\u00e9 de son proc\u00e8s en appel ce jeudi 10 juin, le juge a retenu 3 ans d\u2019emprisonnement ferme contre l\u2019activiste et membre du FNDC, Oumar Sylla alias Fonik\u00e9 Mengu\u00e8. Cette condamnation a suscit\u00e9 des r\u00e9actions chez plusieurs hommes politiques du pays, notamment ses compagnons de lutte dans le FNDC. C\u2019est le cas du &hellip;<\/p>\n","protected":false},"author":1,"featured_media":0,"comment_status":"closed","ping_status":"closed","sticky":false,"template":"","format":"standard","meta":{"footnotes":""},"categories":[2],"tags":[22],"_links":{"self":[{"href":"https:\/\/de.ambaguinee.org\/index.php?rest_route=\/wp\/v2\/posts\/9740"}],"collection":[{"href":"https:\/\/de.ambaguinee.org\/index.php?rest_route=\/wp\/v2\/posts"}],"about":[{"href":"https:\/\/de.ambaguinee.org\/index.php?rest_route=\/wp\/v2\/types\/post"}],"author":[{"embeddable":true,"href":"https:\/\/de.ambaguinee.org\/index.php?rest_route=\/wp\/v2\/users\/1"}],"replies":[{"embeddable":true,"href":"https:\/\/de.ambaguinee.org\/index.php?rest_route=%2Fwp%2Fv2%2Fcomments&post=9740"}],"version-history":[{"count":0,"href":"https:\/\/de.ambaguinee.org\/index.php?rest_route=\/wp\/v2\/posts\/9740\/revisions"}],"wp:attachment":[{"href":"https:\/\/de.ambaguinee.org\/index.php?rest_route=%2Fwp%2Fv2%2Fmedia&parent=9740"}],"wp:term":[{"taxonomy":"category","embeddable":true,"href":"https:\/\/de.ambaguinee.org\/index.php?rest_route=%2Fwp%2Fv2%2Fcategories&post=9740"},{"taxonomy":"post_tag","embeddable":true,"href":"https:\/\/de.ambaguinee.org\/index.php?rest_route=%2Fwp%2Fv2%2Ftags&post=9740"}],"curies":[{"name":"wp","href":"https:\/\/api.w.org\/{rel}","templated":true}]}}